{"id":14787,"date":"2022-01-05T11:02:02","date_gmt":"2022-01-05T10:02:02","guid":{"rendered":"https:\/\/staritrgobkolpi.splet.arnes.si\/?p=14787"},"modified":"2022-01-05T11:02:02","modified_gmt":"2022-01-05T10:02:02","slug":"sklep-o-izvajanju-pouka-na-daljavo","status":"publish","type":"post","link":"https:\/\/os-stari-trg-ok.si\/?p=14787","title":{"rendered":"Sklep o izvajanju pouka na daljavo"},"content":{"rendered":"<p>Spo\u0161tovani star\u0161i.<\/p>\n<p>Obve\u0161\u010dam vas, da je v oddelku O\u0160 Stari trg ob Kolpi, v katerega je vklju\u010den tudi va\u0161 \u00a0otrok, potrjena oku\u017eba z virusom Sars Cov-2.<br \/>\nKer je bil va\u0161 otrok v visokorizi\u010dnem stiku z oku\u017eeno osebo, va\u0161 otrok do izteka karantene, 13.1.2022 ostane doma in ne prihaja v \u0161olo. Pouk bo potekal na daljavo. Pozorno spremljajte njegovo zdravstveno stanje in zdravstveno stanje ostalih oseb v gospodinjstvu.<br \/>\nKaranteno odredi NIJZ na podlagi Izjave o karanteni na domu, ki jo morate izpolniti na portalu e-uprava.\u00a0 Ve\u010d o tem na povezavi <a href=\"https:\/\/www.nijz.si\/karantena\">https:\/\/www.nijz.si\/karantena<\/a><\/p>\n<table width=\"960\">\n<tbody>\n<tr>\n<td>\n<p>Ve\u010d o karanteni si lahko preberete tudi v 19.b. \u010dlenu<\/p>\n<p>Zakon o spremembah in dopolnitvah Zakona o nalezljivih boleznih (ZNB-C), ki ga dobite na naslednji povezavi<\/p>\n<p><a href=\"http:\/\/www.pisrs.si\/Pis.web\/pregledPredpisa?id=ZAKO8352\">http:\/\/www.pisrs.si\/Pis.web\/pregledPredpisa?id=ZAKO8352<\/a><\/p>\n<p>Vsebino sklepa si lahko preberete na spodnji povezavi.<\/p>\n<p><a href=\"https:\/\/os-stari-trg-ok.si\/files\/2022\/01\/Sklep-o-izvajanju-pouka-na-daljavo-s-5.1.2022.doc\">Sklep o izvajanju pouka na daljavo s 5.1.2022<\/a><\/p>\n<p>Lep pozdrav\u00a0 \u00a0 \u00a0 \u00a0 \u00a0 \u00a0 \u00a0 \u00a0 \u00a0 \u00a0 \u00a0 \u00a0 \u00a0 \u00a0 \u00a0 \u00a0 \u00a0 \u00a0 \u00a0 \u00a0 \u00a0 \u00a0 \u00a0 \u00a0 \u00a0 \u00a0 \u00a0 \u00a0 \u00a0 \u00a0 \u00a0 \u00a0 \u00a0 \u00a0 \u00a0 \u00a0 \u00a0 \u00a0 \u00a0 \u00a0 \u00a0 \u00a0 \u00a0 \u00a0 \u00a0 Mojca Butala, ravnateljica<\/td>\n<\/tr>\n<\/tbody>\n<\/table>\n<p><\/p>\n","protected":false},"excerpt":{"rendered":"<p>Spo\u0161tovani star\u0161i. Obve\u0161\u010dam vas, da je v oddelku O\u0160 Stari trg ob Kolpi, v katerega je vklju\u010den tudi va\u0161 \u00a0otrok, potrjena oku\u017eba z virusom Sars Cov-2. Ker je bil va\u0161 [&hellip;]<\/p>\n","protected":false},"author":44661,"featured_media":0,"comment_status":"closed","ping_status":"closed","sticky":false,"template":"","format":"standard","meta":{"ngg_post_thumbnail":0,"footnotes":""},"categories":[75],"tags":[],"class_list":["post-14787","post","type-post","status-publish","format-standard","hentry","category-arhiv-za-solsko-leto-20202021"],"_links":{"self":[{"href":"https:\/\/os-stari-trg-ok.si\/index.php?rest_route=\/wp\/v2\/posts\/14787","targetHints":{"allow":["GET"]}}],"collection":[{"href":"https:\/\/os-stari-trg-ok.si\/index.php?rest_route=\/wp\/v2\/posts"}],"about":[{"href":"https:\/\/os-stari-trg-ok.si\/index.php?rest_route=\/wp\/v2\/types\/post"}],"author":[{"embeddable":true,"href":"https:\/\/os-stari-trg-ok.si\/index.php?rest_route=\/wp\/v2\/users\/44661"}],"replies":[{"embeddable":true,"href":"https:\/\/os-stari-trg-ok.si\/index.php?rest_route=%2Fwp%2Fv2%2Fcomments&post=14787"}],"version-history":[{"count":1,"href":"https:\/\/os-stari-trg-ok.si\/index.php?rest_route=\/wp\/v2\/posts\/14787\/revisions"}],"predecessor-version":[{"id":14789,"href":"https:\/\/os-stari-trg-ok.si\/index.php?rest_route=\/wp\/v2\/posts\/14787\/revisions\/14789"}],"wp:attachment":[{"href":"https:\/\/os-stari-trg-ok.si\/index.php?rest_route=%2Fwp%2Fv2%2Fmedia&parent=14787"}],"wp:term":[{"taxonomy":"category","embeddable":true,"href":"https:\/\/os-stari-trg-ok.si\/index.php?rest_route=%2Fwp%2Fv2%2Fcategories&post=14787"},{"taxonomy":"post_tag","embeddable":true,"href":"https:\/\/os-stari-trg-ok.si\/index.php?rest_route=%2Fwp%2Fv2%2Ftags&post=14787"}],"curies":[{"name":"wp","href":"https:\/\/api.w.org\/{rel}","templated":true}]}}