{"id":158,"date":"2014-07-04T08:58:20","date_gmt":"2014-07-04T07:58:20","guid":{"rendered":"http:\/\/staritrgobkolpi.splet.arnes.si\/2014\/07\/04\/obisk-pri-seginovih-iz-zagozdaca\/"},"modified":"2016-08-31T21:25:30","modified_gmt":"2016-08-31T19:25:30","slug":"obisk-pri-seginovih-iz-zagozdaca","status":"publish","type":"post","link":"https:\/\/os-stari-trg-ok.si\/?p=158","title":{"rendered":"Obisk pri \u0160eginovih iz Zagozdaca"},"content":{"rendered":"<p>Rde\u010da nit Zdravih \u0161ol v Sloveniji v \u0161olskem letu 2013\/14 je bila medgeneracijsko sodelovanje.  <\/p>\n<p>Tako smo 21. marca v okviru projektov Zdrava \u0161ola in Etika in vrednote z u\u010denci 3. triletja obiskali dru\u017eino \u0160eginovih v Zagozdacu. Namen obiska je bil, da nam starej\u0161a generacija pove nekaj o \u017eivljenju in delu v njihovih \u010dasih. Dru\u017eina \u0160eginovih je znana po ro\u010dni obdelavi lesa. In imeli smo kaj sli\u0161ati in videti.<\/p>\n<p>Najprej nas je prijazno sprejel gospod Tone \u0160egina, ki je bil v\u010dasih tudi voznik \u0161olskega kombija na\u0161e \u0161ole. Pokazal nam je pletenje ko\u0161are. Pri tem opravilu so se preizkusili tudi vsi u\u010denci in u\u010ditelji. \u0160e bolj zanimivo in zahtevno je rezbarjenje figur. Za nas je imel pripravljeno skulpturo svetopisemskih \u017eivali, kamele, osla in slona.Tudi v tem so se u\u010denci previdno preizkusili.<\/p>\n<p>O\u010de Janko \u0160egina pa izdeluje ko\u0161are, razno kme\u010dko orodje in druge lesene predmete. Pokazal nam je \u0161ahovske figure, cepec za mlatenje \u017eita in cepljenje \u0161ib na vitre za izdelavo ko\u0161ar.<\/p>\n<p>Na koncu so nas presenetili \u0161e s prijazno pogostitvijo, za kar se jim najlep\u0161e zahvaljujemo.<\/p>\n<p>Obisk smo pripravili Mateja Oberstar, Andreja Rade in Peter Klun.<\/p>\n<p>\u00a0<\/p>\n<p>\u00a0<\/p>\n<p><br class=\"_mce_marker\" \/><\/p>\n<p>\u00a0<\/p>\n","protected":false},"excerpt":{"rendered":"<p>Rde\u010da nit Zdravih \u0161ol v Sloveniji v \u0161olskem letu 2013\/14 je bila medgeneracijsko sodelovanje. Tako smo 21. marca v okviru projektov Zdrava \u0161ola in Etika in vrednote z u\u010denci 3. [&hellip;]<\/p>\n","protected":false},"author":5516,"featured_media":0,"comment_status":"open","ping_status":"open","sticky":false,"template":"","format":"standard","meta":{"ngg_post_thumbnail":0,"footnotes":""},"categories":[54,39],"tags":[],"class_list":["post-158","post","type-post","status-publish","format-standard","hentry","category-arhiv","category-zdrava-ola"],"_links":{"self":[{"href":"https:\/\/os-stari-trg-ok.si\/index.php?rest_route=\/wp\/v2\/posts\/158","targetHints":{"allow":["GET"]}}],"collection":[{"href":"https:\/\/os-stari-trg-ok.si\/index.php?rest_route=\/wp\/v2\/posts"}],"about":[{"href":"https:\/\/os-stari-trg-ok.si\/index.php?rest_route=\/wp\/v2\/types\/post"}],"author":[{"embeddable":true,"href":"https:\/\/os-stari-trg-ok.si\/index.php?rest_route=\/wp\/v2\/users\/5516"}],"replies":[{"embeddable":true,"href":"https:\/\/os-stari-trg-ok.si\/index.php?rest_route=%2Fwp%2Fv2%2Fcomments&post=158"}],"version-history":[{"count":1,"href":"https:\/\/os-stari-trg-ok.si\/index.php?rest_route=\/wp\/v2\/posts\/158\/revisions"}],"predecessor-version":[{"id":222,"href":"https:\/\/os-stari-trg-ok.si\/index.php?rest_route=\/wp\/v2\/posts\/158\/revisions\/222"}],"wp:attachment":[{"href":"https:\/\/os-stari-trg-ok.si\/index.php?rest_route=%2Fwp%2Fv2%2Fmedia&parent=158"}],"wp:term":[{"taxonomy":"category","embeddable":true,"href":"https:\/\/os-stari-trg-ok.si\/index.php?rest_route=%2Fwp%2Fv2%2Fcategories&post=158"},{"taxonomy":"post_tag","embeddable":true,"href":"https:\/\/os-stari-trg-ok.si\/index.php?rest_route=%2Fwp%2Fv2%2Ftags&post=158"}],"curies":[{"name":"wp","href":"https:\/\/api.w.org\/{rel}","templated":true}]}}