{"id":18713,"date":"2024-10-25T13:50:17","date_gmt":"2024-10-25T11:50:17","guid":{"rendered":"https:\/\/staritrgobkolpi.splet.arnes.si\/?p=18713"},"modified":"2024-10-25T13:50:47","modified_gmt":"2024-10-25T11:50:47","slug":"obisk-vrtcevskih-otrok-pri-gasilcih-dan-poln-ucenja-in-navdusenja","status":"publish","type":"post","link":"https:\/\/os-stari-trg-ok.si\/?p=18713","title":{"rendered":"Obisk vrt\u010devskih otrok pri gasilcih: Dan poln u\u010denja in navdu\u0161enja"},"content":{"rendered":"<p align=\"justify\"><span style=\"font-family: Times New Roman, serif\"><span style=\"font-size: medium\"><span style=\"color: #2c363a\"><span style=\"font-family: Verdana, serif\">V torek, 22. oktobra, so otroci iz vrtca Stari trg ob Kolpi do\u017eiveli nepozaben dan, ko so obiskali prostovoljno gasilsko dru\u0161tvo Stari trg ob Kolpi. Gasilci so z veseljem odprli vrata svoje gasilskega doma in otrokom predstavili svoje delo, opremo ter pomembnost varnosti v primeru po\u017eara. Gasilca Luka in Tanja sta prijazno sprejela otroke in jim najprej razlo\u017eila, kdo so gasilci in kaj po\u010dnejo. S preprostimi besedami so otrokom opisali, kako pomagajo ljudem v nesre\u010dah, pri po\u017earih in drugih nevarnih situacijah. &#8220;Na\u0161e poslanstvo je zelo pomembeno, saj re\u0161ujemo \u017eivljenja in skrbimo, da je na\u0161a skupnost varna,&#8221; sta pojasnila otrokom. Najve\u010dje navdu\u0161enje je sledilo, ko so otrokom pokazali svojo gasilsko opremo. \u010celade, te\u017eka za\u0161\u010ditna obla\u010dila, gasilske cevi in gasilni aparati so bili na ogled. Otroci so z velikimi o\u010dmi opazovali, kako gasilci uporabljajo razli\u010dne pripomo\u010dke pri svojem delu. Nekateri najpogumnej\u0161i so celo preizkusili \u010delade in gasilske rokavice ter se z veseljem dotaknili gasilske cevi. Poseben vrhunec obiska je bil ogled velikega gasilskega vozila. Gasilca sta otrokom odprla vrata in jim razkazali notranjost vozila, kjer so shranjeni razli\u010dni pripomo\u010dki, potrebni za ga\u0161enje po\u017earov in re\u0161evanje iz nesre\u010d. Otroci so se lahko sami preizkusili v ga\u0161enju z vedrovko. Ob tem so se nau\u010dili, kako je v primeru po\u017eara pomembno hitro in pravilno ukrepati. V drugem delu obiska so otroci sodelovali tudi v prikazu re\u0161evanja ponesre\u010denca. &#8220;Tudi jaz bom, ko bom velik, gasilec,&#8221; je navdu\u0161eno povedalo kar nekaj otrok. Ob zaklju\u010dku so se otroci zahvalili gasilcema za njun \u010das in za vse, kar sta nas nau\u010dila. Vsak otrok je prejel sladko nagrado za sodelovanje. Seveda ni manjkalo niti skupinsko fotografiranje pred gasilskim vozilom, ki bo ostalo v lepem spominu tako otrokom kot tudi gasilcema. <\/span><\/span><\/span><\/span><\/p>\n<p align=\"justify\"><span style=\"font-family: Times New Roman, serif\"><span style=\"font-size: medium\"><span style=\"color: #2c363a\"><span style=\"font-family: Verdana, serif\">Ta obisk, ki ga izvedemo vedno v mesecu po\u017earne varnosti, je bil ve\u010d kot le zabaven izlet \u2013 otroci so na prijazen in igriv na\u010din spoznali pomembnost gasilskega dela ter osnove po\u017earne varnosti, kar je klju\u010dno za njihovo varnost in odgovornost. Z nasmehi na obrazih in novimi spoznanji so se zadovoljni vrnili v vrtec.<\/span><\/span><\/span><\/span><\/p>\n<p align=\"justify\"><span style=\"font-family: Times New Roman, serif\"><span style=\"font-size: medium\"><span style=\"color: #2c363a\"><span style=\"font-family: Verdana, serif\">Vir: VVE pri O\u0160 Stari trg ob Kolpi<\/span><\/span><\/span><\/span><\/p>\n<p align=\"justify\"><img decoding=\"async\" src=\"https:\/\/os-stari-trg-ok.si\/files\/2024\/10\/20241022_095805-scaled.jpg\"><\/p>\n<p align=\"justify\"><img decoding=\"async\" src=\"https:\/\/os-stari-trg-ok.si\/files\/2024\/10\/20241022_091221-scaled.jpg\"><\/p>\n<p align=\"justify\"><img decoding=\"async\" src=\"https:\/\/os-stari-trg-ok.si\/files\/2024\/10\/20241022_095356-scaled.jpg\"><\/p>\n<p align=\"justify\"><img decoding=\"async\" src=\"https:\/\/os-stari-trg-ok.si\/files\/2024\/10\/20241022_100643-scaled.jpg\"><\/p>\n<p align=\"justify\"><img decoding=\"async\" src=\"https:\/\/os-stari-trg-ok.si\/files\/2024\/10\/20241022_101956-scaled.jpg\"><\/p>\n","protected":false},"excerpt":{"rendered":"<p>V torek, 22. oktobra, so otroci iz vrtca Stari trg ob Kolpi do\u017eiveli nepozaben dan, ko so obiskali prostovoljno gasilsko dru\u0161tvo Stari trg ob Kolpi. Gasilci so z veseljem odprli [&hellip;]<\/p>\n","protected":false},"author":91022,"featured_media":18718,"comment_status":"closed","ping_status":"closed","sticky":false,"template":"","format":"standard","meta":{"ngg_post_thumbnail":0,"footnotes":""},"categories":[19,94],"tags":[],"class_list":["post-18713","post","type-post","status-publish","format-standard","has-post-thumbnail","hentry","category-c44-dogodki","category-dogodki-v-vrtcu-2024-25"],"_links":{"self":[{"href":"https:\/\/os-stari-trg-ok.si\/index.php?rest_route=\/wp\/v2\/posts\/18713","targetHints":{"allow":["GET"]}}],"collection":[{"href":"https:\/\/os-stari-trg-ok.si\/index.php?rest_route=\/wp\/v2\/posts"}],"about":[{"href":"https:\/\/os-stari-trg-ok.si\/index.php?rest_route=\/wp\/v2\/types\/post"}],"author":[{"embeddable":true,"href":"https:\/\/os-stari-trg-ok.si\/index.php?rest_route=\/wp\/v2\/users\/91022"}],"replies":[{"embeddable":true,"href":"https:\/\/os-stari-trg-ok.si\/index.php?rest_route=%2Fwp%2Fv2%2Fcomments&post=18713"}],"version-history":[{"count":2,"href":"https:\/\/os-stari-trg-ok.si\/index.php?rest_route=\/wp\/v2\/posts\/18713\/revisions"}],"predecessor-version":[{"id":18720,"href":"https:\/\/os-stari-trg-ok.si\/index.php?rest_route=\/wp\/v2\/posts\/18713\/revisions\/18720"}],"wp:featuredmedia":[{"embeddable":true,"href":"https:\/\/os-stari-trg-ok.si\/index.php?rest_route=\/wp\/v2\/media\/18718"}],"wp:attachment":[{"href":"https:\/\/os-stari-trg-ok.si\/index.php?rest_route=%2Fwp%2Fv2%2Fmedia&parent=18713"}],"wp:term":[{"taxonomy":"category","embeddable":true,"href":"https:\/\/os-stari-trg-ok.si\/index.php?rest_route=%2Fwp%2Fv2%2Fcategories&post=18713"},{"taxonomy":"post_tag","embeddable":true,"href":"https:\/\/os-stari-trg-ok.si\/index.php?rest_route=%2Fwp%2Fv2%2Ftags&post=18713"}],"curies":[{"name":"wp","href":"https:\/\/api.w.org\/{rel}","templated":true}]}}