{"id":19248,"date":"2024-12-18T11:52:59","date_gmt":"2024-12-18T10:52:59","guid":{"rendered":"https:\/\/staritrgobkolpi.splet.arnes.si\/?p=19248"},"modified":"2024-12-18T11:57:27","modified_gmt":"2024-12-18T10:57:27","slug":"izmenjava-literarnih-junakov","status":"publish","type":"post","link":"https:\/\/os-stari-trg-ok.si\/?p=19248","title":{"rendered":"IZMENJAVA LITERARNIH JUNAKOV"},"content":{"rendered":"<p>V okviru projekta Na\u0161a mala knji\u017enica smo se vklju\u010dili v izmenjavo literarnih junakov. U\u010denci 1. in 2. razreda smo skupaj z u\u010diteljicama Ingrid in Darjo ustvarili lutko \u2013 Bubo po istoimenovani slikanici, katere avtorica in ilustratorka je Andreja Peklar. Uspelo nam je izdelati prisr\u010dno, mehko lutko Bubo, ki se prav tako kot v slikanici preobrazi v \u010dudovito metulj\u010dico. Bubo smo v torbici, skupaj s posebej izdelanim zvezkom poslali na nam dodeljeno O\u0160 Fokovci. Nestrpno tudi mi pri\u010dakujemo njihovo po\u0161iljko.<\/p>\n<p>Upamo, da bo na\u0161a Buba imela uspe\u0161no popotovanje in se spomladi spet vrne med nas!<\/p>\n<p>Vir: 1. in 2. razred z u\u010diteljicama<\/p>\n<p>&nbsp;<\/p>\nngg_shortcode_0_placeholder\n<p>&nbsp;<\/p>\n<p>&nbsp;<\/p>\n<p>&nbsp;<\/p>\n<p>&nbsp;<\/p>\n<p>&nbsp;<\/p>\n","protected":false},"excerpt":{"rendered":"<p>V okviru projekta Na\u0161a mala knji\u017enica smo se vklju\u010dili v izmenjavo literarnih junakov. U\u010denci 1. in 2. razreda smo skupaj z u\u010diteljicama Ingrid in Darjo ustvarili lutko \u2013 Bubo po [&hellip;]<\/p>\n","protected":false},"author":91022,"featured_media":19255,"comment_status":"closed","ping_status":"closed","sticky":false,"template":"","format":"standard","meta":{"ngg_post_thumbnail":0,"footnotes":""},"categories":[93,19],"tags":[],"class_list":["post-19248","post","type-post","status-publish","format-standard","has-post-thumbnail","hentry","category-arhiv-za-solsko-leto-2024-2025","category-c44-dogodki"],"_links":{"self":[{"href":"https:\/\/os-stari-trg-ok.si\/index.php?rest_route=\/wp\/v2\/posts\/19248","targetHints":{"allow":["GET"]}}],"collection":[{"href":"https:\/\/os-stari-trg-ok.si\/index.php?rest_route=\/wp\/v2\/posts"}],"about":[{"href":"https:\/\/os-stari-trg-ok.si\/index.php?rest_route=\/wp\/v2\/types\/post"}],"author":[{"embeddable":true,"href":"https:\/\/os-stari-trg-ok.si\/index.php?rest_route=\/wp\/v2\/users\/91022"}],"replies":[{"embeddable":true,"href":"https:\/\/os-stari-trg-ok.si\/index.php?rest_route=%2Fwp%2Fv2%2Fcomments&post=19248"}],"version-history":[{"count":4,"href":"https:\/\/os-stari-trg-ok.si\/index.php?rest_route=\/wp\/v2\/posts\/19248\/revisions"}],"predecessor-version":[{"id":19257,"href":"https:\/\/os-stari-trg-ok.si\/index.php?rest_route=\/wp\/v2\/posts\/19248\/revisions\/19257"}],"wp:featuredmedia":[{"embeddable":true,"href":"https:\/\/os-stari-trg-ok.si\/index.php?rest_route=\/wp\/v2\/media\/19255"}],"wp:attachment":[{"href":"https:\/\/os-stari-trg-ok.si\/index.php?rest_route=%2Fwp%2Fv2%2Fmedia&parent=19248"}],"wp:term":[{"taxonomy":"category","embeddable":true,"href":"https:\/\/os-stari-trg-ok.si\/index.php?rest_route=%2Fwp%2Fv2%2Fcategories&post=19248"},{"taxonomy":"post_tag","embeddable":true,"href":"https:\/\/os-stari-trg-ok.si\/index.php?rest_route=%2Fwp%2Fv2%2Ftags&post=19248"}],"curies":[{"name":"wp","href":"https:\/\/api.w.org\/{rel}","templated":true}]}}