{"id":19952,"date":"2025-04-10T11:36:49","date_gmt":"2025-04-10T09:36:49","guid":{"rendered":"https:\/\/staritrgobkolpi.splet.arnes.si\/?p=19952"},"modified":"2025-04-10T11:39:16","modified_gmt":"2025-04-10T09:39:16","slug":"sara-na-35-zasedanju-nacionalnega-otroskega-parlamenta","status":"publish","type":"post","link":"https:\/\/os-stari-trg-ok.si\/?p=19952","title":{"rendered":"Sara na 35. zasedanju nacionalnega Otro\u0161kega parlamenta"},"content":{"rendered":"<p>V ponedeljek, 7. 4. 2025, je v Dr\u017eavnem zboru RS potekalo 35. zasedanje nacionalnega Otro\u0161kega parlamenta, kjer so u\u010denci debatirali o \u0161olskem sistemu v Sloveniji. Prisotnih je bilo 116 mladih parlamentarcev iz vse Slovenije, skupaj s 24 u\u010denci novinarji in 44 spremljevalci. Dolenjsko regijo je predstavljala tudi na\u0161a u\u010denka Sara.<\/p>\n<p>Ve\u010d o dogodku si lahko preberete na naslednji povezavi:<\/p>\n<p>&nbsp;<a href=\"https:\/\/www.zpms.si\/2025\/04\/07\/otroci-o-solskem-sistemu-ali-nas-sola-pripravlja-na-zivljenje-ali-le-na-teste\/\">https:\/\/www.zpms.si\/2025\/04\/07\/otroci-o-solskem-sistemu-ali-nas-sola-pripravlja-na-zivljenje-ali-le-na-teste\/<\/a><\/p>\nngg_shortcode_0_placeholder\n","protected":false},"excerpt":{"rendered":"<p>V ponedeljek, 7. 4. 2025, je v Dr\u017eavnem zboru RS potekalo 35. zasedanje nacionalnega Otro\u0161kega parlamenta, kjer so u\u010denci debatirali o \u0161olskem sistemu v Sloveniji. Prisotnih je bilo 116 mladih [&hellip;]<\/p>\n","protected":false},"author":91022,"featured_media":19971,"comment_status":"closed","ping_status":"closed","sticky":false,"template":"","format":"standard","meta":{"ngg_post_thumbnail":0,"footnotes":""},"categories":[93,19],"tags":[],"class_list":["post-19952","post","type-post","status-publish","format-standard","has-post-thumbnail","hentry","category-arhiv-za-solsko-leto-2024-2025","category-c44-dogodki"],"_links":{"self":[{"href":"https:\/\/os-stari-trg-ok.si\/index.php?rest_route=\/wp\/v2\/posts\/19952","targetHints":{"allow":["GET"]}}],"collection":[{"href":"https:\/\/os-stari-trg-ok.si\/index.php?rest_route=\/wp\/v2\/posts"}],"about":[{"href":"https:\/\/os-stari-trg-ok.si\/index.php?rest_route=\/wp\/v2\/types\/post"}],"author":[{"embeddable":true,"href":"https:\/\/os-stari-trg-ok.si\/index.php?rest_route=\/wp\/v2\/users\/91022"}],"replies":[{"embeddable":true,"href":"https:\/\/os-stari-trg-ok.si\/index.php?rest_route=%2Fwp%2Fv2%2Fcomments&post=19952"}],"version-history":[{"count":3,"href":"https:\/\/os-stari-trg-ok.si\/index.php?rest_route=\/wp\/v2\/posts\/19952\/revisions"}],"predecessor-version":[{"id":19973,"href":"https:\/\/os-stari-trg-ok.si\/index.php?rest_route=\/wp\/v2\/posts\/19952\/revisions\/19973"}],"wp:featuredmedia":[{"embeddable":true,"href":"https:\/\/os-stari-trg-ok.si\/index.php?rest_route=\/wp\/v2\/media\/19971"}],"wp:attachment":[{"href":"https:\/\/os-stari-trg-ok.si\/index.php?rest_route=%2Fwp%2Fv2%2Fmedia&parent=19952"}],"wp:term":[{"taxonomy":"category","embeddable":true,"href":"https:\/\/os-stari-trg-ok.si\/index.php?rest_route=%2Fwp%2Fv2%2Fcategories&post=19952"},{"taxonomy":"post_tag","embeddable":true,"href":"https:\/\/os-stari-trg-ok.si\/index.php?rest_route=%2Fwp%2Fv2%2Ftags&post=19952"}],"curies":[{"name":"wp","href":"https:\/\/api.w.org\/{rel}","templated":true}]}}