{"id":20154,"date":"2025-05-21T13:34:23","date_gmt":"2025-05-21T11:34:23","guid":{"rendered":"https:\/\/staritrgobkolpi.splet.arnes.si\/?p=20154"},"modified":"2025-05-22T08:51:03","modified_gmt":"2025-05-22T06:51:03","slug":"ucenci-iz-os-stari-trg-ob-kolpi-na-poklicijadi-v-crnomlju","status":"publish","type":"post","link":"https:\/\/os-stari-trg-ok.si\/?p=20154","title":{"rendered":"U\u010denci iz O\u0160 Stari trg ob Kolpi na Poklicijadi v \u010crnomlju"},"content":{"rendered":"<p>V sredo, 21. 5.&nbsp; so imeli u\u010denci od 3. do 7. razreda prav poseben tehni\u0161ki dan, saj so se udele\u017eili Parade u\u010denja oziroma Poklicijade, ki je potekala v \u010crnomlju. Dogodek je organiziral Zavod za izobra\u017eevanje in kulturo \u010crnomelj. Na prireditvenem prostoru Gri\u010dka je bilo postavljenih kar 16 stojnic, na katerih so bili predstavljeni razli\u010dni poklici. U\u010denci so z veliko radovednosti in zanimanja spremljali predstavitve in se pogovarjali s predstavniki naslednjih poklicev: gasilec, vojak in vojak bolni\u010dar, policist, sekretar Rde\u010dega kri\u017ea, bloger, re\u017eiser in scenarist, fizioterapevt, frizer, in\u0161truktor jahanja, vzgojitelj in pomo\u010dnik vzgojitelja, tehnik in kinooperater, kuhar, strokovnjak za umetno inteligenco, podjetnik in orodjar. U\u010denci so imeli mo\u017enost iz prve roke spoznati delo razli\u010dnih strokovnjakov, se seznaniti z opremo, ki jo uporabljajo pri delu in postavljati vpra\u0161anja. Dogodek je bil za u\u010dence odli\u010dna prilo\u017enost za \u0161irjenje obzorij in razmislek o tem, kaj vse lahko postanejo, ko odrastejo. Tehni\u0161ki dan je minil v prijetnem vzdu\u0161ju, kjer smo prejemali nova znanja in ideje ter sanjali in na\u010drtovali prihodnost.<\/p>\n<p>&nbsp;<\/p>\nngg_shortcode_0_placeholder\n<p>&nbsp;<\/p>\n<p>&nbsp;<\/p>\n","protected":false},"excerpt":{"rendered":"<p>V sredo, 21. 5.&nbsp; so imeli u\u010denci od 3. do 7. razreda prav poseben tehni\u0161ki dan, saj so se udele\u017eili Parade u\u010denja oziroma Poklicijade, ki je potekala v \u010crnomlju. Dogodek [&hellip;]<\/p>\n","protected":false},"author":91022,"featured_media":20178,"comment_status":"closed","ping_status":"closed","sticky":false,"template":"","format":"standard","meta":{"ngg_post_thumbnail":0,"footnotes":""},"categories":[93,17,19],"tags":[],"class_list":["post-20154","post","type-post","status-publish","format-standard","has-post-thumbnail","hentry","category-arhiv-za-solsko-leto-2024-2025","category-dnevi-dejavnosti","category-c44-dogodki"],"_links":{"self":[{"href":"https:\/\/os-stari-trg-ok.si\/index.php?rest_route=\/wp\/v2\/posts\/20154","targetHints":{"allow":["GET"]}}],"collection":[{"href":"https:\/\/os-stari-trg-ok.si\/index.php?rest_route=\/wp\/v2\/posts"}],"about":[{"href":"https:\/\/os-stari-trg-ok.si\/index.php?rest_route=\/wp\/v2\/types\/post"}],"author":[{"embeddable":true,"href":"https:\/\/os-stari-trg-ok.si\/index.php?rest_route=\/wp\/v2\/users\/91022"}],"replies":[{"embeddable":true,"href":"https:\/\/os-stari-trg-ok.si\/index.php?rest_route=%2Fwp%2Fv2%2Fcomments&post=20154"}],"version-history":[{"count":6,"href":"https:\/\/os-stari-trg-ok.si\/index.php?rest_route=\/wp\/v2\/posts\/20154\/revisions"}],"predecessor-version":[{"id":20180,"href":"https:\/\/os-stari-trg-ok.si\/index.php?rest_route=\/wp\/v2\/posts\/20154\/revisions\/20180"}],"wp:featuredmedia":[{"embeddable":true,"href":"https:\/\/os-stari-trg-ok.si\/index.php?rest_route=\/wp\/v2\/media\/20178"}],"wp:attachment":[{"href":"https:\/\/os-stari-trg-ok.si\/index.php?rest_route=%2Fwp%2Fv2%2Fmedia&parent=20154"}],"wp:term":[{"taxonomy":"category","embeddable":true,"href":"https:\/\/os-stari-trg-ok.si\/index.php?rest_route=%2Fwp%2Fv2%2Fcategories&post=20154"},{"taxonomy":"post_tag","embeddable":true,"href":"https:\/\/os-stari-trg-ok.si\/index.php?rest_route=%2Fwp%2Fv2%2Ftags&post=20154"}],"curies":[{"name":"wp","href":"https:\/\/api.w.org\/{rel}","templated":true}]}}