{"id":22294,"date":"2026-03-13T10:05:04","date_gmt":"2026-03-13T09:05:04","guid":{"rendered":"https:\/\/staritrgobkolpi.splet.arnes.si\/?p=22294"},"modified":"2026-03-16T10:28:03","modified_gmt":"2026-03-16T09:28:03","slug":"predstavnika-os-stari-trg-ob-kolpi-na-otroskem-parlamentu-v-crnomlju","status":"publish","type":"post","link":"https:\/\/os-stari-trg-ok.si\/?p=22294","title":{"rendered":"Predstavnika O\u0160 Stari trg ob Kolpi na otro\u0161kem parlamentu v \u010crnomlju"},"content":{"rendered":"<p>V sredo, 11. 3. 2026, se je v sejni sobi Ob\u010dine \u010crnomelj odvilo sre\u010danje predstavnikov \u0161olskih parlamentov belokranjskih \u0161ol. U\u010dence je uvodoma nagovoril \u017eupan Andrej Kav\u0161ek. Ob tem je leto\u0161njo temo \u2013 \u0161olski sistem \u2013 osvetlil z razli\u010dnih zornih kotov. Spregovoril je o pomenu kakovostnega izobra\u017eevanja, vlogi u\u010diteljev ter odgovornosti u\u010dencev pri soustvarjanju spodbudnega \u0161olskega okolja. U\u010dence je spodbudil, naj pogumno izra\u017eajo svoja mnenja, predloge in ideje, saj lahko le tako prispevajo k izbolj\u0161avam v \u0161oli in \u0161ir\u0161em \u0161olskem sistemu. V nadaljevanju sre\u010danja so u\u010denci predstavili svoja razmi\u0161ljanja in izku\u0161nje. Povedali so, da bi bilo dobro v \u0161oli imeti ve\u010d dejavnostih, ki spodbujajo ustvarjalnost in krepijo \u017eivljenjske ve\u0161\u010dine. \u017delijo si tudi ve\u010d prilo\u017enosti za sodelovanje in pogovor med u\u010denci in u\u010ditelji. Izpostavili so pomen dobrih odnosov v \u0161oli, ki temeljijo na medsebojnem spo\u0161tovanju in upo\u0161tevanju avtoritet. Ker menijo, da je avtoriteta u\u010diteljev v dana\u0161njem \u010dasu \u00bbna preizku\u0161nji\u00ab, se odlo\u010dijo predlagati temo o avtoriteti v \u0161olah, za temo \u0161olskega parlamenta v naslednjem letu. Ob koncu sre\u010danja so izbrali delegate, ki se bodo udele\u017eili sre\u010danja regijskega otro\u0161kega parlamenta v Novem mestu.<\/p>\nngg_shortcode_0_placeholder\n","protected":false},"excerpt":{"rendered":"<p>V sredo, 11. 3. 2026, se je v sejni sobi Ob\u010dine \u010crnomelj odvilo sre\u010danje predstavnikov \u0161olskih parlamentov belokranjskih \u0161ol. U\u010dence je uvodoma nagovoril \u017eupan Andrej Kav\u0161ek. Ob tem je leto\u0161njo [&hellip;]<\/p>\n","protected":false},"author":91022,"featured_media":22306,"comment_status":"closed","ping_status":"closed","sticky":false,"template":"","format":"standard","meta":{"ngg_post_thumbnail":0,"footnotes":""},"categories":[95,19],"tags":[],"class_list":["post-22294","post","type-post","status-publish","format-standard","has-post-thumbnail","hentry","category-arhiv-za-solsko-leto-2025-2026","category-c44-dogodki"],"_links":{"self":[{"href":"https:\/\/os-stari-trg-ok.si\/index.php?rest_route=\/wp\/v2\/posts\/22294","targetHints":{"allow":["GET"]}}],"collection":[{"href":"https:\/\/os-stari-trg-ok.si\/index.php?rest_route=\/wp\/v2\/posts"}],"about":[{"href":"https:\/\/os-stari-trg-ok.si\/index.php?rest_route=\/wp\/v2\/types\/post"}],"author":[{"embeddable":true,"href":"https:\/\/os-stari-trg-ok.si\/index.php?rest_route=\/wp\/v2\/users\/91022"}],"replies":[{"embeddable":true,"href":"https:\/\/os-stari-trg-ok.si\/index.php?rest_route=%2Fwp%2Fv2%2Fcomments&post=22294"}],"version-history":[{"count":2,"href":"https:\/\/os-stari-trg-ok.si\/index.php?rest_route=\/wp\/v2\/posts\/22294\/revisions"}],"predecessor-version":[{"id":22307,"href":"https:\/\/os-stari-trg-ok.si\/index.php?rest_route=\/wp\/v2\/posts\/22294\/revisions\/22307"}],"wp:featuredmedia":[{"embeddable":true,"href":"https:\/\/os-stari-trg-ok.si\/index.php?rest_route=\/wp\/v2\/media\/22306"}],"wp:attachment":[{"href":"https:\/\/os-stari-trg-ok.si\/index.php?rest_route=%2Fwp%2Fv2%2Fmedia&parent=22294"}],"wp:term":[{"taxonomy":"category","embeddable":true,"href":"https:\/\/os-stari-trg-ok.si\/index.php?rest_route=%2Fwp%2Fv2%2Fcategories&post=22294"},{"taxonomy":"post_tag","embeddable":true,"href":"https:\/\/os-stari-trg-ok.si\/index.php?rest_route=%2Fwp%2Fv2%2Ftags&post=22294"}],"curies":[{"name":"wp","href":"https:\/\/api.w.org\/{rel}","templated":true}]}}