{"id":4947,"date":"2018-09-13T11:11:55","date_gmt":"2018-09-13T09:11:55","guid":{"rendered":"http:\/\/staritrgobkolpi.splet.arnes.si\/?p=4947"},"modified":"2018-09-13T11:11:55","modified_gmt":"2018-09-13T09:11:55","slug":"predstava-cepetavcek-in-podelitev-druzabnih-iger-za-otroke-v-okviru-evropskega-tedna-mobilnosti","status":"publish","type":"post","link":"https:\/\/os-stari-trg-ok.si\/?p=4947","title":{"rendered":"PREDSTAVA CEPETAV\u010cEK IN PODELITEV DRU\u017dABNIH IGER ZA OTROKE V OKVIRU EVROPSKEGA TEDNA MOBILNOSTI"},"content":{"rendered":"<p><span style=\"color: #000000\">Ob\u010dina \u010crnomelj \u017ee \u010detrto leto zapored organizira dogodek Igraj se v mestu \u2013 Dan brez avtomobila, katere se bomo udele\u017eili tudi s prvim triletjem na\u0161e \u0161ole &#8211;\u00a0 <strong>v petek, 21.9.2018<\/strong>, na parkiri\u0161\u010du pri \u010crnomaljskem gradu. Ogledali si bomo otro\u0161ko predstavo CEPETAV\u010cEK.<\/span><\/p>\n<p><span style=\"color: #000000\">V primeru de\u017eja bo predstava potekala v Kulturnem domu \u010crnomelj.<\/span><\/p>\n<p><span style=\"color: #000000\">U\u010denci ta dan pridejo v \u0161olo kot ponavadi. Pred odhodom v \u010crnomelj bomo pomalicali.<\/span><\/p>\n<p><span style=\"color: #000000\">Povratek nazaj je ob 12.15. Ob prihodu v \u0161olo imajo u\u010denci kosilo (12.45). Vsi u\u010denci gredo domov z drugim razvozom.<\/span><\/p>\n<p>&nbsp;<\/p>\n<p><span style=\"color: #000000\">Razredni\u010darki<\/span><\/p>\n","protected":false},"excerpt":{"rendered":"<p>Ob\u010dina \u010crnomelj \u017ee \u010detrto leto zapored organizira dogodek Igraj se v mestu \u2013 Dan brez avtomobila, katere se bomo udele\u017eili tudi s prvim triletjem na\u0161e \u0161ole &#8211;\u00a0 v petek, 21.9.2018, [&hellip;]<\/p>\n","protected":false},"author":17327,"featured_media":0,"comment_status":"closed","ping_status":"closed","sticky":false,"template":"","format":"standard","meta":{"ngg_post_thumbnail":0,"footnotes":""},"categories":[67,17],"tags":[],"class_list":["post-4947","post","type-post","status-publish","format-standard","hentry","category-arhiv-za-solsko-leto-20182019","category-dnevi-dejavnosti"],"_links":{"self":[{"href":"https:\/\/os-stari-trg-ok.si\/index.php?rest_route=\/wp\/v2\/posts\/4947","targetHints":{"allow":["GET"]}}],"collection":[{"href":"https:\/\/os-stari-trg-ok.si\/index.php?rest_route=\/wp\/v2\/posts"}],"about":[{"href":"https:\/\/os-stari-trg-ok.si\/index.php?rest_route=\/wp\/v2\/types\/post"}],"author":[{"embeddable":true,"href":"https:\/\/os-stari-trg-ok.si\/index.php?rest_route=\/wp\/v2\/users\/17327"}],"replies":[{"embeddable":true,"href":"https:\/\/os-stari-trg-ok.si\/index.php?rest_route=%2Fwp%2Fv2%2Fcomments&post=4947"}],"version-history":[{"count":4,"href":"https:\/\/os-stari-trg-ok.si\/index.php?rest_route=\/wp\/v2\/posts\/4947\/revisions"}],"predecessor-version":[{"id":4955,"href":"https:\/\/os-stari-trg-ok.si\/index.php?rest_route=\/wp\/v2\/posts\/4947\/revisions\/4955"}],"wp:attachment":[{"href":"https:\/\/os-stari-trg-ok.si\/index.php?rest_route=%2Fwp%2Fv2%2Fmedia&parent=4947"}],"wp:term":[{"taxonomy":"category","embeddable":true,"href":"https:\/\/os-stari-trg-ok.si\/index.php?rest_route=%2Fwp%2Fv2%2Fcategories&post=4947"},{"taxonomy":"post_tag","embeddable":true,"href":"https:\/\/os-stari-trg-ok.si\/index.php?rest_route=%2Fwp%2Fv2%2Ftags&post=4947"}],"curies":[{"name":"wp","href":"https:\/\/api.w.org\/{rel}","templated":true}]}}