{"id":5073,"date":"2018-09-25T17:39:20","date_gmt":"2018-09-25T15:39:20","guid":{"rendered":"http:\/\/staritrgobkolpi.splet.arnes.si\/?p=5073"},"modified":"2018-10-17T11:41:07","modified_gmt":"2018-10-17T09:41:07","slug":"1-pomoc-za-najmlajse","status":"publish","type":"post","link":"https:\/\/os-stari-trg-ok.si\/?p=5073","title":{"rendered":"1. pomo\u010d za najmlaj\u0161e"},"content":{"rendered":"<div class=\"article-body clearfix\">\n<p><span style=\"color: #000000\">V skupini Balon\u010dki in Barvice v VVE Stari trg ob Kolpi smo imeli v \u010detrtek pestro dopoldne. Na\u0161a vzgojiteljica Nina, ki je tudi prostovoljka pri Rde\u010dem kri\u017eu \u010crnomelj, nam je v sklopu tedna mobilnosti, predstavila 1. pomo\u010d za najmlaj\u0161e. Otrokom je pokazala, kako zavijemo in povijemo najrazli\u010dnej\u0161e po\u0161kodbe, med njimi: po\u0161kodbo glave, roke, noge in kako oskrbimo zvit gle\u017eenj. Otroci so spoznali tudi defibrilator in temeljne postopke o\u017eivljanja. Na koncu so povijanje in o\u017eivljanje poskusili otroci tudi sami. Pridru\u017eili so se nam tudi u\u010denci 1. triade O\u0160 Stari trg ob Kolpi. Hvala vzgojiteljici Nini za zanimivo in pou\u010dno dogajanje. Bilo je lepo.<\/span><\/p>\n<p>[wzslider] <a href=\"http:\/\/staritrgobkolpi.splet.arnes.si\/?attachment_id=5059\" rel=\"attachment wp-att-5059\"><img loading=\"lazy\" decoding=\"async\" class=\"alignnone wp-image-5059\" src=\"http:\/\/staritrgobkolpi.splet.arnes.si\/files\/2018\/09\/17-prvapomoc20092018.800x0.jpg\" alt=\"\" width=\"7\" height=\"5\" srcset=\"https:\/\/os-stari-trg-ok.si\/files\/2018\/09\/17-prvapomoc20092018.800x0.jpg 640w, https:\/\/os-stari-trg-ok.si\/files\/2018\/09\/17-prvapomoc20092018.800x0-300x225.jpg 300w, https:\/\/os-stari-trg-ok.si\/files\/2018\/09\/17-prvapomoc20092018.800x0-73x55.jpg 73w, https:\/\/os-stari-trg-ok.si\/files\/2018\/09\/17-prvapomoc20092018.800x0-140x90.jpg 140w, https:\/\/os-stari-trg-ok.si\/files\/2018\/09\/17-prvapomoc20092018.800x0-220x110.jpg 220w, https:\/\/os-stari-trg-ok.si\/files\/2018\/09\/17-prvapomoc20092018.800x0-380x230.jpg 380w\" sizes=\"auto, (max-width: 7px) 100vw, 7px\" \/><\/a><\/p>\n<\/div>\n","protected":false},"excerpt":{"rendered":"<p>V skupini Balon\u010dki in Barvice v VVE Stari trg ob Kolpi smo imeli v \u010detrtek pestro dopoldne. Na\u0161a vzgojiteljica Nina, ki je tudi prostovoljka pri Rde\u010dem kri\u017eu \u010crnomelj, nam je [&hellip;]<\/p>\n","protected":false},"author":17327,"featured_media":0,"comment_status":"closed","ping_status":"closed","sticky":false,"template":"","format":"standard","meta":{"ngg_post_thumbnail":0,"footnotes":""},"categories":[67,41,69,12],"tags":[],"class_list":["post-5073","post","type-post","status-publish","format-standard","hentry","category-arhiv-za-solsko-leto-20182019","category-dejavnosti","category-dogodki-v-vrtcu-201819","category-vrtec"],"_links":{"self":[{"href":"https:\/\/os-stari-trg-ok.si\/index.php?rest_route=\/wp\/v2\/posts\/5073","targetHints":{"allow":["GET"]}}],"collection":[{"href":"https:\/\/os-stari-trg-ok.si\/index.php?rest_route=\/wp\/v2\/posts"}],"about":[{"href":"https:\/\/os-stari-trg-ok.si\/index.php?rest_route=\/wp\/v2\/types\/post"}],"author":[{"embeddable":true,"href":"https:\/\/os-stari-trg-ok.si\/index.php?rest_route=\/wp\/v2\/users\/17327"}],"replies":[{"embeddable":true,"href":"https:\/\/os-stari-trg-ok.si\/index.php?rest_route=%2Fwp%2Fv2%2Fcomments&post=5073"}],"version-history":[{"count":2,"href":"https:\/\/os-stari-trg-ok.si\/index.php?rest_route=\/wp\/v2\/posts\/5073\/revisions"}],"predecessor-version":[{"id":5077,"href":"https:\/\/os-stari-trg-ok.si\/index.php?rest_route=\/wp\/v2\/posts\/5073\/revisions\/5077"}],"wp:attachment":[{"href":"https:\/\/os-stari-trg-ok.si\/index.php?rest_route=%2Fwp%2Fv2%2Fmedia&parent=5073"}],"wp:term":[{"taxonomy":"category","embeddable":true,"href":"https:\/\/os-stari-trg-ok.si\/index.php?rest_route=%2Fwp%2Fv2%2Fcategories&post=5073"},{"taxonomy":"post_tag","embeddable":true,"href":"https:\/\/os-stari-trg-ok.si\/index.php?rest_route=%2Fwp%2Fv2%2Ftags&post=5073"}],"curies":[{"name":"wp","href":"https:\/\/api.w.org\/{rel}","templated":true}]}}