{"id":5081,"date":"2018-09-25T21:21:41","date_gmt":"2018-09-25T19:21:41","guid":{"rendered":"http:\/\/staritrgobkolpi.splet.arnes.si\/?p=5081"},"modified":"2018-09-25T21:21:41","modified_gmt":"2018-09-25T19:21:41","slug":"prvosolci-prejeli-darilno-slikanico","status":"publish","type":"post","link":"https:\/\/os-stari-trg-ok.si\/?p=5081","title":{"rendered":"Prvo\u0161olci prejeli darilno slikanico"},"content":{"rendered":"<p>Dru\u0161tvo Bralna zna\u010dka Slovenije &#8211; ZPMS z donatorji je tudi letos obdarilo vse prvo\u0161olce v Sloveniji in slovenske otroke zunaj na\u0161ih meja s posebno darilno izdajo slikanice. Tako so ob za\u010detku nove sezone branja za bralno zna\u010dko na Bevkov dan in dan zlatih knjig 17. septembra prejeli slikanico pesnice in pisateljice Anje \u0160tefan ter slikarke Marjance Jemec Bo\u017ei\u010d Koti\u010dek na koncu sveta.<\/p>\n<p>Ob tej prilo\u017enosti so tudi na\u0161i prvo\u0161olci obiskali \u0161olsko knji\u017enico in se seznanili s podarjeno knjigo. Skupaj smo prebrali naslovno zgodbo in pravljico o zvon\u010dku. Otroci so povedali, kaj bi si za\u017eeleli, \u010de bi tudi sami lahko pocingljali s \u010darobnim zvon\u010dkom. &#8220;Da bi bila za zmeraj z mamico, o\u010dijem in bratcem.&#8221; in &#8220;Da bi mi mamica in ati vsak dan brala pravljice.&#8221; Tako sta razmi\u0161ljala dva med njimi.<\/p>\n<p>Otroci so veselo odnesli slikanico domov in obljubili, da bodo s star\u0161i prebrali \u0161e ostale zgodbe v njej.<\/p>\n<p>Beremo skupaj je sporo\u010dilo in namen 1. Nacionalnega meseca skupnega branja, ki poteka od dneva pismenosti 8. septembra do zaklju\u010dka tedna otroka 8. oktobra. K skupnemu branju smo povabljeni vsi: otroci, mladostniki, star\u0161i, stari star\u0161i, vzgojitelji, u\u010ditelji &#8230;<\/p>\n<p>&nbsp;<\/p>\n<p>Marija Volf, knji\u017eni\u010darka<\/p>\n<p>&nbsp;<\/p>\n<p><img loading=\"lazy\" decoding=\"async\" class=\"alignnone size-medium wp-image-5083\" src=\"http:\/\/staritrgobkolpi.splet.arnes.si\/files\/2018\/09\/002-300x225.jpg\" alt=\"\" width=\"300\" height=\"225\" srcset=\"https:\/\/os-stari-trg-ok.si\/files\/2018\/09\/002-300x225.jpg 300w, https:\/\/os-stari-trg-ok.si\/files\/2018\/09\/002-768x576.jpg 768w, https:\/\/os-stari-trg-ok.si\/files\/2018\/09\/002-800x600.jpg 800w, https:\/\/os-stari-trg-ok.si\/files\/2018\/09\/002-73x55.jpg 73w\" sizes=\"auto, (max-width: 300px) 100vw, 300px\" \/><\/p>\n","protected":false},"excerpt":{"rendered":"<p>Dru\u0161tvo Bralna zna\u010dka Slovenije &#8211; ZPMS z donatorji je tudi letos obdarilo vse prvo\u0161olce v Sloveniji in slovenske otroke zunaj na\u0161ih meja s posebno darilno izdajo slikanice. Tako so ob [&hellip;]<\/p>\n","protected":false},"author":17493,"featured_media":0,"comment_status":"closed","ping_status":"closed","sticky":false,"template":"","format":"standard","meta":{"ngg_post_thumbnail":0,"footnotes":""},"categories":[67],"tags":[],"class_list":["post-5081","post","type-post","status-publish","format-standard","hentry","category-arhiv-za-solsko-leto-20182019"],"_links":{"self":[{"href":"https:\/\/os-stari-trg-ok.si\/index.php?rest_route=\/wp\/v2\/posts\/5081","targetHints":{"allow":["GET"]}}],"collection":[{"href":"https:\/\/os-stari-trg-ok.si\/index.php?rest_route=\/wp\/v2\/posts"}],"about":[{"href":"https:\/\/os-stari-trg-ok.si\/index.php?rest_route=\/wp\/v2\/types\/post"}],"author":[{"embeddable":true,"href":"https:\/\/os-stari-trg-ok.si\/index.php?rest_route=\/wp\/v2\/users\/17493"}],"replies":[{"embeddable":true,"href":"https:\/\/os-stari-trg-ok.si\/index.php?rest_route=%2Fwp%2Fv2%2Fcomments&post=5081"}],"version-history":[{"count":3,"href":"https:\/\/os-stari-trg-ok.si\/index.php?rest_route=\/wp\/v2\/posts\/5081\/revisions"}],"predecessor-version":[{"id":5089,"href":"https:\/\/os-stari-trg-ok.si\/index.php?rest_route=\/wp\/v2\/posts\/5081\/revisions\/5089"}],"wp:attachment":[{"href":"https:\/\/os-stari-trg-ok.si\/index.php?rest_route=%2Fwp%2Fv2%2Fmedia&parent=5081"}],"wp:term":[{"taxonomy":"category","embeddable":true,"href":"https:\/\/os-stari-trg-ok.si\/index.php?rest_route=%2Fwp%2Fv2%2Fcategories&post=5081"},{"taxonomy":"post_tag","embeddable":true,"href":"https:\/\/os-stari-trg-ok.si\/index.php?rest_route=%2Fwp%2Fv2%2Ftags&post=5081"}],"curies":[{"name":"wp","href":"https:\/\/api.w.org\/{rel}","templated":true}]}}