{"id":5205,"date":"2018-10-02T11:56:43","date_gmt":"2018-10-02T09:56:43","guid":{"rendered":"http:\/\/staritrgobkolpi.splet.arnes.si\/?p=5205"},"modified":"2019-03-07T13:52:58","modified_gmt":"2019-03-07T12:52:58","slug":"37-slikarski-ex-tempora","status":"publish","type":"post","link":"https:\/\/os-stari-trg-ok.si\/?p=5205","title":{"rendered":"37. slikarski Ex tempora"},"content":{"rendered":"<div><span style=\"color: #000000\">V petek, 28. 9. 2018, sta se u\u010denca iz 6. in 9. razreda O\u0160 Stari trg ob Kolpi udele\u017eila 37. slikarskega Ex tempora, ki se je odvijal v starem mestnem jedru \u010crnomlja. Leto\u0161nja tematika Ex tempora je bila arhitekturna dedi\u0161\u010dina. Tako sta se u\u010denca odlo\u010dila, da bosta naslikala del mestnega jedra, ki zajema pogled na cerkev Svetega duha in most nad Dobli\u010dico. Nastali sta \u010dudoviti likovni deli. Pre\u017eiveli smo \u010dudovito obarvan dan, s soncem obsijan.<\/span><\/div>\n<div><span style=\"color: #000000\">\u00a0<\/span><\/div>\n<div><span style=\"color: #000000\">Lp, Ajda<\/span><\/div>\n<div><\/div>\n<div>\u00a0\u00a0\u00a0\u00a0\u00a0 [wzslider]\u00a0\u00a0 <a href=\"http:\/\/staritrgobkolpi.splet.arnes.si\/?attachment_id=5223\" rel=\"attachment wp-att-5223\"><img loading=\"lazy\" decoding=\"async\" class=\"alignnone wp-image-5223\" src=\"http:\/\/staritrgobkolpi.splet.arnes.si\/files\/2018\/10\/20180928_130617-e1538474022898-450x600.jpg\" alt=\"\" width=\"4\" height=\"5\" srcset=\"https:\/\/os-stari-trg-ok.si\/files\/2018\/10\/20180928_130617-e1538474022898-450x600.jpg 450w, https:\/\/os-stari-trg-ok.si\/files\/2018\/10\/20180928_130617-e1538474022898-150x150.jpg 150w, https:\/\/os-stari-trg-ok.si\/files\/2018\/10\/20180928_130617-e1538474022898-225x300.jpg 225w, https:\/\/os-stari-trg-ok.si\/files\/2018\/10\/20180928_130617-e1538474022898-768x1024.jpg 768w, https:\/\/os-stari-trg-ok.si\/files\/2018\/10\/20180928_130617-e1538474022898-41x55.jpg 41w, https:\/\/os-stari-trg-ok.si\/files\/2018\/10\/20180928_130617-e1538474022898-30x30.jpg 30w\" sizes=\"auto, (max-width: 4px) 100vw, 4px\" \/><\/a><\/div>\n<p>&nbsp;<\/p>\n","protected":false},"excerpt":{"rendered":"<p>V petek, 28. 9. 2018, sta se u\u010denca iz 6. in 9. razreda O\u0160 Stari trg ob Kolpi udele\u017eila 37. slikarskega Ex tempora, ki se je odvijal v starem mestnem [&hellip;]<\/p>\n","protected":false},"author":17327,"featured_media":0,"comment_status":"closed","ping_status":"closed","sticky":false,"template":"","format":"standard","meta":{"ngg_post_thumbnail":0,"footnotes":""},"categories":[67],"tags":[],"class_list":["post-5205","post","type-post","status-publish","format-standard","hentry","category-arhiv-za-solsko-leto-20182019"],"_links":{"self":[{"href":"https:\/\/os-stari-trg-ok.si\/index.php?rest_route=\/wp\/v2\/posts\/5205","targetHints":{"allow":["GET"]}}],"collection":[{"href":"https:\/\/os-stari-trg-ok.si\/index.php?rest_route=\/wp\/v2\/posts"}],"about":[{"href":"https:\/\/os-stari-trg-ok.si\/index.php?rest_route=\/wp\/v2\/types\/post"}],"author":[{"embeddable":true,"href":"https:\/\/os-stari-trg-ok.si\/index.php?rest_route=\/wp\/v2\/users\/17327"}],"replies":[{"embeddable":true,"href":"https:\/\/os-stari-trg-ok.si\/index.php?rest_route=%2Fwp%2Fv2%2Fcomments&post=5205"}],"version-history":[{"count":8,"href":"https:\/\/os-stari-trg-ok.si\/index.php?rest_route=\/wp\/v2\/posts\/5205\/revisions"}],"predecessor-version":[{"id":5235,"href":"https:\/\/os-stari-trg-ok.si\/index.php?rest_route=\/wp\/v2\/posts\/5205\/revisions\/5235"}],"wp:attachment":[{"href":"https:\/\/os-stari-trg-ok.si\/index.php?rest_route=%2Fwp%2Fv2%2Fmedia&parent=5205"}],"wp:term":[{"taxonomy":"category","embeddable":true,"href":"https:\/\/os-stari-trg-ok.si\/index.php?rest_route=%2Fwp%2Fv2%2Fcategories&post=5205"},{"taxonomy":"post_tag","embeddable":true,"href":"https:\/\/os-stari-trg-ok.si\/index.php?rest_route=%2Fwp%2Fv2%2Ftags&post=5205"}],"curies":[{"name":"wp","href":"https:\/\/api.w.org\/{rel}","templated":true}]}}