{"id":5273,"date":"2018-10-08T22:14:41","date_gmt":"2018-10-08T20:14:41","guid":{"rendered":"http:\/\/staritrgobkolpi.splet.arnes.si\/?p=5273"},"modified":"2019-03-07T13:52:32","modified_gmt":"2019-03-07T12:52:32","slug":"potujoca-knjiznica-mirana-jarca-novo-mesto-prvic-v-starem-trgu-ob-kolpi","status":"publish","type":"post","link":"https:\/\/os-stari-trg-ok.si\/?p=5273","title":{"rendered":"Potujo\u010da knji\u017enica Mirana Jarca Novo mesto prvi\u010d v Starem trgu ob Kolpi"},"content":{"rendered":"<p>V petek, 5. oktobra, na svetovni dan u\u010diteljev in ob zaklju\u010dku Tedna otroka, smo v Starem trgu ob Kolpi do\u017eiveli prav poseben dan. K nam je namre\u010d prvi\u010d pripeljal bibliobus &#8211; Potujo\u010da knji\u017enica Mirana Jarca Novo mesto. Na plo\u0161\u010dadi pred gasilskim domom smo se zbrali u\u010denci, otroci iz vrtca in spremljevalci, pridru\u017eilo pa se nam je tudi nekaj krajanov.<\/p>\n<p>Velik sodoben bibliobus je z barvito in pisano zunanjo podobo takoj pritegnil na\u0161o pozornost. S svojo prisotnostjo in nagovorom pa so nas razveselili tudi posebni gosti: direktor Knji\u017enice Mirana Jarca Novo mesto Luka Bla\u017ei\u010d in vodja oddelka Mre\u017ee krajevnih knji\u017enic Irena Muc, direktorica Knji\u017enice \u010crnomelj Anja Panjan Trgov\u010di\u0107 in \u017eupanja Ob\u010dine \u010crnomelj Mojca \u010cemas Stjepanovi\u010d. Slednja nam je obljubila, da bo bibliobus kmalu redno prihajal v Stari trg, otroci pa so ji obljubili, da bodo radi brali in si prihajali izposojat knjige v potujo\u010do knji\u017enico skupaj s star\u0161i in starimi star\u0161i.<\/p>\n<p>Predno smo vstopili v bibliobus, nas je knji\u017eni\u010darka Knji\u017enice \u010crnomelj Breda Ko\u010devar z lepo besedo o knjigi prijazno spodbudila, da smo prisluhnili \u0161e kratkemu kulturnemu programu. U\u010denci kulturno-umetni\u0161kega kro\u017eka so prebrali svoje pesmi in razmi\u0161ljanja o knjigi in branju, najmlaj\u0161i iz 1. triletja pa so zapeli pesem Lisi\u010dka je prav zvita zver. Potem pa nas je knji\u017eni\u010dar Luka Me\u017ean povabil med knji\u017ene police in &#8211; uau! Bibliobus nas je navdu\u0161il z notranjo opremo in bogatim knji\u017eni\u010dnim gradivom. Izvedeli smo, da se na 110 metrih knji\u017enih polic nahaja skoraj 8000 knjig. Z velikim zanimanjem smo brskali po knjigah in \u010das ogleda potujo\u010de knji\u017enice je vse prehitro minil. Knji\u017eni\u010dar Luka nam je pokazal \u0161e, kako delujejo premi\u010dne stopnice oziroma dvigalo, da je potujo\u010da knji\u017enica dostopna tudi gibalno oviranim osebam.<\/p>\n<p>Poslovili smo se od prizadevnih gostiteljev in pomahali potujo\u010di knji\u017enici, ki je nadaljevala potovanje v sosednjo Vinico. Sedaj pa \u017ee komaj \u010dakamo, da bo bibliobus vsak mesec pripeljal v Stari trg. To bo pomembna pridobitev tako za \u0161olo kot tudi za kraj in celotno Polansko dolino ob Kolpi.<\/p>\n<p>Marija Volf, besedilo<\/p>\n<p>Danica Petric, fotografija<\/p>\n<p>[wzslider]<a href=\"http:\/\/staritrgobkolpi.splet.arnes.si\/?attachment_id=5275\" rel=\"attachment wp-att-5275\"><img loading=\"lazy\" decoding=\"async\" class=\"alignnone wp-image-5275\" src=\"http:\/\/staritrgobkolpi.splet.arnes.si\/files\/2018\/10\/074-800x536.jpg\" alt=\"\" width=\"4\" height=\"3\" srcset=\"https:\/\/os-stari-trg-ok.si\/files\/2018\/10\/074-800x536.jpg 800w, https:\/\/os-stari-trg-ok.si\/files\/2018\/10\/074-150x150.jpg 150w, https:\/\/os-stari-trg-ok.si\/files\/2018\/10\/074-300x201.jpg 300w, https:\/\/os-stari-trg-ok.si\/files\/2018\/10\/074-768x514.jpg 768w, https:\/\/os-stari-trg-ok.si\/files\/2018\/10\/074-82x55.jpg 82w, https:\/\/os-stari-trg-ok.si\/files\/2018\/10\/074-710x300.jpg 710w, https:\/\/os-stari-trg-ok.si\/files\/2018\/10\/074-30x30.jpg 30w, https:\/\/os-stari-trg-ok.si\/files\/2018\/10\/074-140x90.jpg 140w, https:\/\/os-stari-trg-ok.si\/files\/2018\/10\/074-220x110.jpg 220w, https:\/\/os-stari-trg-ok.si\/files\/2018\/10\/074-380x230.jpg 380w\" sizes=\"auto, (max-width: 4px) 100vw, 4px\" \/><\/a><\/p>\n<p>&nbsp;<\/p>\n<p>&nbsp;<\/p>\n","protected":false},"excerpt":{"rendered":"<p>V petek, 5. oktobra, na svetovni dan u\u010diteljev in ob zaklju\u010dku Tedna otroka, smo v Starem trgu ob Kolpi do\u017eiveli prav poseben dan. K nam je namre\u010d prvi\u010d pripeljal bibliobus [&hellip;]<\/p>\n","protected":false},"author":17493,"featured_media":0,"comment_status":"closed","ping_status":"closed","sticky":false,"template":"","format":"standard","meta":{"ngg_post_thumbnail":0,"footnotes":""},"categories":[67,69],"tags":[],"class_list":["post-5273","post","type-post","status-publish","format-standard","hentry","category-arhiv-za-solsko-leto-20182019","category-dogodki-v-vrtcu-201819"],"_links":{"self":[{"href":"https:\/\/os-stari-trg-ok.si\/index.php?rest_route=\/wp\/v2\/posts\/5273","targetHints":{"allow":["GET"]}}],"collection":[{"href":"https:\/\/os-stari-trg-ok.si\/index.php?rest_route=\/wp\/v2\/posts"}],"about":[{"href":"https:\/\/os-stari-trg-ok.si\/index.php?rest_route=\/wp\/v2\/types\/post"}],"author":[{"embeddable":true,"href":"https:\/\/os-stari-trg-ok.si\/index.php?rest_route=\/wp\/v2\/users\/17493"}],"replies":[{"embeddable":true,"href":"https:\/\/os-stari-trg-ok.si\/index.php?rest_route=%2Fwp%2Fv2%2Fcomments&post=5273"}],"version-history":[{"count":3,"href":"https:\/\/os-stari-trg-ok.si\/index.php?rest_route=\/wp\/v2\/posts\/5273\/revisions"}],"predecessor-version":[{"id":5349,"href":"https:\/\/os-stari-trg-ok.si\/index.php?rest_route=\/wp\/v2\/posts\/5273\/revisions\/5349"}],"wp:attachment":[{"href":"https:\/\/os-stari-trg-ok.si\/index.php?rest_route=%2Fwp%2Fv2%2Fmedia&parent=5273"}],"wp:term":[{"taxonomy":"category","embeddable":true,"href":"https:\/\/os-stari-trg-ok.si\/index.php?rest_route=%2Fwp%2Fv2%2Fcategories&post=5273"},{"taxonomy":"post_tag","embeddable":true,"href":"https:\/\/os-stari-trg-ok.si\/index.php?rest_route=%2Fwp%2Fv2%2Ftags&post=5273"}],"curies":[{"name":"wp","href":"https:\/\/api.w.org\/{rel}","templated":true}]}}