{"id":5731,"date":"2018-11-05T22:06:22","date_gmt":"2018-11-05T21:06:22","guid":{"rendered":"http:\/\/staritrgobkolpi.splet.arnes.si\/?p=5731"},"modified":"2018-11-05T22:06:22","modified_gmt":"2018-11-05T21:06:22","slug":"obiskali-smo-knjiznico-crnomelj","status":"publish","type":"post","link":"https:\/\/os-stari-trg-ok.si\/?p=5731","title":{"rendered":"Obiskali smo Knji\u017enico \u010crnomelj"},"content":{"rendered":"<p>Vseslovenski projekt Rastem s knjigo poteka \u017ee 13. leto. Tudi letos je bila na\u0161a gostiteljica Knji\u017enica \u010crnomelj. U\u010denci 3. triletja smo jo obiskali v ponedeljek, 5. novembra.<\/p>\n<p>Knji\u017eni\u010darka Jo\u017eica \u017duni\u010d nam je predstavila osrednjo ob\u010dinsko splo\u0161no knji\u017enico, njen pomen in delovanje. Pripovedovala nam je tudi o knjigi Avtobus ob treh in njeni avtorici Nata\u0161i Konc Lorenzutti, nato pa nam je predvajala \u0161e kratek predstavitveni video. Ta izvirna mladinska pripoved o iskrenem najstni\u0161kem prijateljstvu in dramati\u010dnih \u017eivljenjskih preizku\u0161njah je bila letos izbrana za darilno knjigo vsem slovenskim sedmo\u0161olcem. Tako sta jo prejela v dar tudi na\u0161a u\u010denca Lidija in Alen. Pred odhodom v \u0161olo smo se \u0161e sprehodili po oddelku za odrasle in mladino ter se seznanili s postavitvijo knji\u017eni\u010dnega gradiva.<\/p>\n<p>Knjigo Avtobus ob treh bomo lahko brali za doma\u010de branje in bralno zna\u010dko, uvr\u0161\u010dena pa je tudi na seznam knjig za tekmovanje iz znanja sloven\u0161\u010dine za Cankarjevo priznanje.<\/p>\n<p>&nbsp;<\/p>\n<p>Marija Volf, knji\u017eni\u010darka<\/p>\n<p>&nbsp;<\/p>\n<p><img loading=\"lazy\" decoding=\"async\" class=\"alignnone size-medium wp-image-5733\" src=\"http:\/\/staritrgobkolpi.splet.arnes.si\/files\/2018\/11\/080-300x225.jpg\" alt=\"\" width=\"300\" height=\"225\" srcset=\"https:\/\/os-stari-trg-ok.si\/files\/2018\/11\/080-300x225.jpg 300w, https:\/\/os-stari-trg-ok.si\/files\/2018\/11\/080-768x576.jpg 768w, https:\/\/os-stari-trg-ok.si\/files\/2018\/11\/080-800x600.jpg 800w, https:\/\/os-stari-trg-ok.si\/files\/2018\/11\/080-73x55.jpg 73w\" sizes=\"auto, (max-width: 300px) 100vw, 300px\" \/><\/p>\n","protected":false},"excerpt":{"rendered":"<p>Vseslovenski projekt Rastem s knjigo poteka \u017ee 13. leto. Tudi letos je bila na\u0161a gostiteljica Knji\u017enica \u010crnomelj. U\u010denci 3. triletja smo jo obiskali v ponedeljek, 5. novembra. Knji\u017eni\u010darka Jo\u017eica \u017duni\u010d [&hellip;]<\/p>\n","protected":false},"author":17493,"featured_media":0,"comment_status":"closed","ping_status":"closed","sticky":false,"template":"","format":"standard","meta":{"ngg_post_thumbnail":0,"footnotes":""},"categories":[67],"tags":[],"class_list":["post-5731","post","type-post","status-publish","format-standard","hentry","category-arhiv-za-solsko-leto-20182019"],"_links":{"self":[{"href":"https:\/\/os-stari-trg-ok.si\/index.php?rest_route=\/wp\/v2\/posts\/5731","targetHints":{"allow":["GET"]}}],"collection":[{"href":"https:\/\/os-stari-trg-ok.si\/index.php?rest_route=\/wp\/v2\/posts"}],"about":[{"href":"https:\/\/os-stari-trg-ok.si\/index.php?rest_route=\/wp\/v2\/types\/post"}],"author":[{"embeddable":true,"href":"https:\/\/os-stari-trg-ok.si\/index.php?rest_route=\/wp\/v2\/users\/17493"}],"replies":[{"embeddable":true,"href":"https:\/\/os-stari-trg-ok.si\/index.php?rest_route=%2Fwp%2Fv2%2Fcomments&post=5731"}],"version-history":[{"count":1,"href":"https:\/\/os-stari-trg-ok.si\/index.php?rest_route=\/wp\/v2\/posts\/5731\/revisions"}],"predecessor-version":[{"id":5735,"href":"https:\/\/os-stari-trg-ok.si\/index.php?rest_route=\/wp\/v2\/posts\/5731\/revisions\/5735"}],"wp:attachment":[{"href":"https:\/\/os-stari-trg-ok.si\/index.php?rest_route=%2Fwp%2Fv2%2Fmedia&parent=5731"}],"wp:term":[{"taxonomy":"category","embeddable":true,"href":"https:\/\/os-stari-trg-ok.si\/index.php?rest_route=%2Fwp%2Fv2%2Fcategories&post=5731"},{"taxonomy":"post_tag","embeddable":true,"href":"https:\/\/os-stari-trg-ok.si\/index.php?rest_route=%2Fwp%2Fv2%2Ftags&post=5731"}],"curies":[{"name":"wp","href":"https:\/\/api.w.org\/{rel}","templated":true}]}}