{"id":5747,"date":"2018-11-09T12:09:22","date_gmt":"2018-11-09T11:09:22","guid":{"rendered":"http:\/\/staritrgobkolpi.splet.arnes.si\/?p=5747"},"modified":"2018-11-11T21:41:36","modified_gmt":"2018-11-11T20:41:36","slug":"odnosi-odgovornost-in-komunikacija","status":"publish","type":"post","link":"https:\/\/os-stari-trg-ok.si\/?p=5747","title":{"rendered":"Odnosi, odgovornost in komunikacija"},"content":{"rendered":"<p><span style=\"color: #000000\">Tak\u0161en je bil naslov delavnice, ki jo je za u\u010dence 4.\u20139. r. v \u010detrtek, 8. novembra, 6. in 7. u\u010dno uro izvedel Andrej Pe\u0161ec, univ. dipl. politolog, strokovnjak za odnose, osebni razvoj in delo z mladimi.<\/span><\/p>\n<p><span style=\"color: #000000\">U\u010denci, u\u010ditelji in star\u0161i smo lahko prisluhnili zanimivim teoreti\u010dnim in osebnoizkustvenim pogledom predavatelja na obravnavano tematiko. U\u010denci pa so v odzivih na vpra\u0161anja pokazali precej\u0161njo mero vedenja o odnosih, odgovornosti in komunikaciji.<\/span><\/p>\n<p><span style=\"color: #000000\">Trudili se bomo, da bomo nova znanja in spoznanja z delavnice prenesli tudi v na\u0161e vsakdanje \u017eivljenje tako v \u0161oli kot doma.<\/span><\/p>\n<p>&nbsp;<\/p>\n<p><span style=\"color: #000000\">Marija Volf, besedilo<\/span><\/p>\n<p><span style=\"color: #000000\">Danica Petric, fotografija<\/span><\/p>\n<p><a href=\"http:\/\/staritrgobkolpi.splet.arnes.si\/?attachment_id=5749\" rel=\"attachment wp-att-5749\"><img loading=\"lazy\" decoding=\"async\" class=\"wp-image-5749 aligncenter\" src=\"http:\/\/staritrgobkolpi.splet.arnes.si\/files\/2018\/11\/DSC_0030-800x536.jpg\" alt=\"\" width=\"552\" height=\"370\" srcset=\"https:\/\/os-stari-trg-ok.si\/files\/2018\/11\/DSC_0030-800x536.jpg 800w, https:\/\/os-stari-trg-ok.si\/files\/2018\/11\/DSC_0030-300x201.jpg 300w, https:\/\/os-stari-trg-ok.si\/files\/2018\/11\/DSC_0030-768x514.jpg 768w, https:\/\/os-stari-trg-ok.si\/files\/2018\/11\/DSC_0030-82x55.jpg 82w\" sizes=\"auto, (max-width: 552px) 100vw, 552px\" \/><\/a> <a href=\"http:\/\/staritrgobkolpi.splet.arnes.si\/?attachment_id=5751\" rel=\"attachment wp-att-5751\"><img loading=\"lazy\" decoding=\"async\" class=\"wp-image-5751 aligncenter\" src=\"http:\/\/staritrgobkolpi.splet.arnes.si\/files\/2018\/11\/DSC_0031-800x536.jpg\" alt=\"\" width=\"549\" height=\"368\" srcset=\"https:\/\/os-stari-trg-ok.si\/files\/2018\/11\/DSC_0031-800x536.jpg 800w, https:\/\/os-stari-trg-ok.si\/files\/2018\/11\/DSC_0031-300x201.jpg 300w, https:\/\/os-stari-trg-ok.si\/files\/2018\/11\/DSC_0031-768x514.jpg 768w, https:\/\/os-stari-trg-ok.si\/files\/2018\/11\/DSC_0031-82x55.jpg 82w\" sizes=\"auto, (max-width: 549px) 100vw, 549px\" \/><\/a><\/p>\n<p><a href=\"http:\/\/staritrgobkolpi.splet.arnes.si\/?attachment_id=5753\" rel=\"attachment wp-att-5753\"><img loading=\"lazy\" decoding=\"async\" class=\"wp-image-5753 aligncenter\" src=\"http:\/\/staritrgobkolpi.splet.arnes.si\/files\/2018\/11\/DSC_0035-800x536.jpg\" alt=\"\" width=\"556\" height=\"373\" srcset=\"https:\/\/os-stari-trg-ok.si\/files\/2018\/11\/DSC_0035-800x536.jpg 800w, https:\/\/os-stari-trg-ok.si\/files\/2018\/11\/DSC_0035-300x201.jpg 300w, https:\/\/os-stari-trg-ok.si\/files\/2018\/11\/DSC_0035-768x514.jpg 768w, https:\/\/os-stari-trg-ok.si\/files\/2018\/11\/DSC_0035-82x55.jpg 82w\" sizes=\"auto, (max-width: 556px) 100vw, 556px\" \/><\/a><\/p>\n","protected":false},"excerpt":{"rendered":"<p>Tak\u0161en je bil naslov delavnice, ki jo je za u\u010dence 4.\u20139. r. v \u010detrtek, 8. novembra, 6. in 7. u\u010dno uro izvedel Andrej Pe\u0161ec, univ. dipl. politolog, strokovnjak za odnose, [&hellip;]<\/p>\n","protected":false},"author":17327,"featured_media":0,"comment_status":"closed","ping_status":"closed","sticky":false,"template":"","format":"standard","meta":{"ngg_post_thumbnail":0,"footnotes":""},"categories":[67],"tags":[],"class_list":["post-5747","post","type-post","status-publish","format-standard","hentry","category-arhiv-za-solsko-leto-20182019"],"_links":{"self":[{"href":"https:\/\/os-stari-trg-ok.si\/index.php?rest_route=\/wp\/v2\/posts\/5747","targetHints":{"allow":["GET"]}}],"collection":[{"href":"https:\/\/os-stari-trg-ok.si\/index.php?rest_route=\/wp\/v2\/posts"}],"about":[{"href":"https:\/\/os-stari-trg-ok.si\/index.php?rest_route=\/wp\/v2\/types\/post"}],"author":[{"embeddable":true,"href":"https:\/\/os-stari-trg-ok.si\/index.php?rest_route=\/wp\/v2\/users\/17327"}],"replies":[{"embeddable":true,"href":"https:\/\/os-stari-trg-ok.si\/index.php?rest_route=%2Fwp%2Fv2%2Fcomments&post=5747"}],"version-history":[{"count":3,"href":"https:\/\/os-stari-trg-ok.si\/index.php?rest_route=\/wp\/v2\/posts\/5747\/revisions"}],"predecessor-version":[{"id":5761,"href":"https:\/\/os-stari-trg-ok.si\/index.php?rest_route=\/wp\/v2\/posts\/5747\/revisions\/5761"}],"wp:attachment":[{"href":"https:\/\/os-stari-trg-ok.si\/index.php?rest_route=%2Fwp%2Fv2%2Fmedia&parent=5747"}],"wp:term":[{"taxonomy":"category","embeddable":true,"href":"https:\/\/os-stari-trg-ok.si\/index.php?rest_route=%2Fwp%2Fv2%2Fcategories&post=5747"},{"taxonomy":"post_tag","embeddable":true,"href":"https:\/\/os-stari-trg-ok.si\/index.php?rest_route=%2Fwp%2Fv2%2Ftags&post=5747"}],"curies":[{"name":"wp","href":"https:\/\/api.w.org\/{rel}","templated":true}]}}