{"id":5967,"date":"2018-11-30T18:33:21","date_gmt":"2018-11-30T17:33:21","guid":{"rendered":"http:\/\/staritrgobkolpi.splet.arnes.si\/?p=5967"},"modified":"2018-11-30T18:33:51","modified_gmt":"2018-11-30T17:33:51","slug":"vesel-zanimiv-poucen-december-v-os-stari-trg-ob-kolpi","status":"publish","type":"post","link":"https:\/\/os-stari-trg-ok.si\/?p=5967","title":{"rendered":"VESEL, ZANIMIV, POU\u010cEN DECEMBER V O\u0160 STARI TRG OB KOLPI"},"content":{"rendered":"<p><span style=\"color: #000000\">V decembru 2018 bo v O\u0160 Stari trg ob Kolpi pestro. Izvajali bomo \u0161tevilne delavnice za otroke, pridru\u017eijo pa se\u00a0 lahko tudi star\u0161i, stari star\u0161i. Delavnice so prilo\u017enost za pridobivanje idej in spoznavanje postopkov za izdelavo novoletnega darila ali le ustvarjalno pre\u017eivljanje prostega \u010dasa.<\/span><\/p>\n<ul>\n<li><span style=\"color: #000000\"><strong>3.12.2018<\/strong>, ponedeljek, 6. in 7. \u0161olsko uro (12.40-14.15)\u00a0 &#8211; poslikava prodnikov &#8211; Bo\u017ei\u010dki na prodnikih.<br \/>\n<\/span><span style=\"color: #000000\">Vodji delavnice:\u00a0 Andreja Rade in Ingrid Miheli\u010d.<\/span><\/li>\n<\/ul>\n<ul>\n<li><span style=\"color: #000000\"><strong>4.12.2018<\/strong>, torek,\u00a0 ob 16h &#8211; dekoracijo za smrekico (barvanje bunkic, odtisi prstov, jelen\u010dki iz platna) ter dekoracijo za igralnico (Bo\u017ei\u010dek na CD-ju, vise\u010di sne\u017eaki).<br \/>\n<\/span><span style=\"color: #000000\"> Vodje delavnice: Nina Mr\u017eljak, Anja Jakljevi\u010d, Andreja Sveti\u010d.<\/span><\/li>\n<\/ul>\n<ul>\n<li><span style=\"color: #000000\"><strong>6.12.2018<\/strong>, \u010detrtek, 6. in 7. \u0161olsko uro (12.40-14.15) \u2013 novoletni okraski.<br \/>\n<\/span><span style=\"color: #000000\">Vodja delavnice: Ajda Skrbin\u0161ek<\/span><\/li>\n<\/ul>\n<ul>\n<li><span style=\"color: #000000\"><strong>10.12.2018<\/strong>, ponedeljek, 6. in 7. \u0161olsko uro (12.40-14.15)\u00a0 &#8211; novoletne bunke.<\/span><br \/>\n<span style=\"color: #000000\"> \u00a0Vodji delavnice: Andreja Rade in Ingrid Miheli\u010d<\/span><\/li>\n<\/ul>\n<ul>\n<li><span style=\"color: #000000\"><strong>10.12.2018<\/strong>, ponedeljek, 6. in 7. ura (12.40-14.15) \u2013 izdelava Bo\u017ei\u010dka in sne\u017eaka.<\/span><br \/>\n<span style=\"color: #000000\"> Vodja delavnice: Danica Petric.<\/span><\/li>\n<\/ul>\n<ul>\n<li><span style=\"color: #000000\"><strong>12.12.2018<\/strong>, sreda, 7. in. 8. u\u010dna ura ( 13.30-14.45) &#8211; Pehar suhih hru\u0161k &#8211; ob 100-letnica smrti Ivana Cankarja.<\/span><br \/>\n<span style=\"color: #000000\">Vodja delavnice: knji\u017eni\u010darka, Marija Volf.<\/span><\/li>\n<\/ul>\n<ul>\n<li><span style=\"color: #000000\"><strong>13.12.2018<\/strong>, \u010detrtek, 6. in 7. \u0161olsko uro ( 12.40-14.15)- izdelovanje novoletne vo\u0161\u010dilnice.<\/span><br \/>\n<span style=\"color: #000000\"> Vodji delavnice: Ajda Skrbin\u0161ek in Danica Petric<\/span><\/li>\n<\/ul>\n<ul>\n<li><span style=\"color: #000000\"><strong>14.12.2018<\/strong>, petek, 5.,6., 7. in 8. \u0161olska ura (od 11.30 do 14.45) &#8211; izdelovanje sve\u010d in izdelovanje \u00a0balzama.<\/span><br \/>\n<span style=\"color: #000000\">Vodja delavnice: Anja Hace<\/span><\/li>\n<\/ul>\n<ul>\n<li><span style=\"color: #000000\"><strong>14.12.2018<\/strong>, petek, 7. in 8.uro (11.30- 13.25) &#8211; izdelovanje okraskov iz papirnatih rolic in iz plastike.<\/span><br \/>\n<span style=\"color: #000000\">Vodja delavnice: Maja Zidari\u010d<\/span><\/li>\n<\/ul>\n<ul>\n<li><span style=\"color: #000000\"><strong>17.12.2018<\/strong>,\u00a0 ponedeljek,\u00a0 6. in 7. \u0161olsko uro (12.40-14.15)- delavnica Kami\u0161ibaj.<br \/>\n<\/span><span style=\"color: #000000\">Vodji delavnice: Andreja Rade in Ingrid Miheli\u010d<\/span><\/li>\n<\/ul>\n<ul>\n<li><span style=\"color: #000000\"><strong>17.12. 2018<\/strong>, ponedeljek, 5. in 6. \u0161olska ura (11.30 -13.25) \u2013 izdelovanje novoletnih okraskov iz naravnih materialov.17.<\/span><br \/>\n<span style=\"color: #000000\">Vodja delavnice: Ur\u0161ka Ambro\u017ei\u010d<\/span><\/li>\n<\/ul>\n<ul>\n<li><span style=\"color: #000000\"><strong>19.12. 2018<\/strong>, sreda, 5. in 6. \u0161olska ura (11.30 -13.25) &#8211;\u00a0 izdelovanje novoletnih okraskov iz odpadnega materiala<\/span><br \/>\n<span style=\"color: #000000\">Vodja delavnice: Ur\u0161ka Ambro\u017ei\u010d<\/span><\/li>\n<\/ul>\n","protected":false},"excerpt":{"rendered":"<p>V decembru 2018 bo v O\u0160 Stari trg ob Kolpi pestro. Izvajali bomo \u0161tevilne delavnice za otroke, pridru\u017eijo pa se\u00a0 lahko tudi star\u0161i, stari star\u0161i. Delavnice so prilo\u017enost za pridobivanje [&hellip;]<\/p>\n","protected":false},"author":17327,"featured_media":0,"comment_status":"closed","ping_status":"closed","sticky":false,"template":"","format":"standard","meta":{"ngg_post_thumbnail":0,"footnotes":""},"categories":[67],"tags":[],"class_list":["post-5967","post","type-post","status-publish","format-standard","hentry","category-arhiv-za-solsko-leto-20182019"],"_links":{"self":[{"href":"https:\/\/os-stari-trg-ok.si\/index.php?rest_route=\/wp\/v2\/posts\/5967","targetHints":{"allow":["GET"]}}],"collection":[{"href":"https:\/\/os-stari-trg-ok.si\/index.php?rest_route=\/wp\/v2\/posts"}],"about":[{"href":"https:\/\/os-stari-trg-ok.si\/index.php?rest_route=\/wp\/v2\/types\/post"}],"author":[{"embeddable":true,"href":"https:\/\/os-stari-trg-ok.si\/index.php?rest_route=\/wp\/v2\/users\/17327"}],"replies":[{"embeddable":true,"href":"https:\/\/os-stari-trg-ok.si\/index.php?rest_route=%2Fwp%2Fv2%2Fcomments&post=5967"}],"version-history":[{"count":12,"href":"https:\/\/os-stari-trg-ok.si\/index.php?rest_route=\/wp\/v2\/posts\/5967\/revisions"}],"predecessor-version":[{"id":5991,"href":"https:\/\/os-stari-trg-ok.si\/index.php?rest_route=\/wp\/v2\/posts\/5967\/revisions\/5991"}],"wp:attachment":[{"href":"https:\/\/os-stari-trg-ok.si\/index.php?rest_route=%2Fwp%2Fv2%2Fmedia&parent=5967"}],"wp:term":[{"taxonomy":"category","embeddable":true,"href":"https:\/\/os-stari-trg-ok.si\/index.php?rest_route=%2Fwp%2Fv2%2Fcategories&post=5967"},{"taxonomy":"post_tag","embeddable":true,"href":"https:\/\/os-stari-trg-ok.si\/index.php?rest_route=%2Fwp%2Fv2%2Ftags&post=5967"}],"curies":[{"name":"wp","href":"https:\/\/api.w.org\/{rel}","templated":true}]}}