{"id":7651,"date":"2019-04-15T10:55:00","date_gmt":"2019-04-15T08:55:00","guid":{"rendered":"http:\/\/staritrgobkolpi.splet.arnes.si\/?p=7651"},"modified":"2019-05-23T13:58:35","modified_gmt":"2019-05-23T11:58:35","slug":"7651","status":"publish","type":"post","link":"https:\/\/os-stari-trg-ok.si\/?p=7651","title":{"rendered":"Zaj\u010dek ska\u010de sem in tja&#8230;"},"content":{"rendered":"<p style=\"text-align: center\"><span style=\"color: #000000\"><em>Zaj\u010dek ska\u010de sem ter tja,<\/em><em><br \/>\njaj\u010dka lepo barvat zna,<br \/>\nvsem vam pisanko poda<br \/>\nin vam re\u010de, da vas rad ima!<\/em><\/span><\/p>\n<p>&nbsp;<\/p>\n<p><span style=\"color: #000000\">V \u010detrtek, 11. 4. 2019, smo z u\u010denci 1. triletja ustvarjali na temo prihajajo\u010dih praznikov. Ustvarili smo si zaj\u010dke, pisanke in metulj\u010dke, ki bodo \u017ee privabili velikono\u010dno vzdu\u0161je v na\u0161e domove.<\/span><\/p>\n<p><span style=\"color: #000000\">U\u010denci pa se \u017ee veselijo nove delavnice na isto temo v prihajajo\u010dem tednu.<\/span><\/p>\n<p><span style=\"color: #000000\">Veselimo se sre\u010danja tudi s povabljenimi star\u0161i, starimi star\u0161i, bratci in sestricami.<\/span><\/p>\n<p>&nbsp;<\/p>\n<p><span style=\"color: #000000\">Prijazen pozdrav, mentorici Danica Petric in Ur\u0161ka Ambro\u017ei\u010d<\/span><\/p>\n<p>[wzslider]<a href=\"http:\/\/staritrgobkolpi.splet.arnes.si\/?attachment_id=7657\" rel=\"attachment wp-att-7657\"><img loading=\"lazy\" decoding=\"async\" class=\"alignnone wp-image-7657\" src=\"http:\/\/staritrgobkolpi.splet.arnes.si\/files\/2019\/04\/DSC_0002.jpg\" alt=\"\" width=\"14\" height=\"9\" srcset=\"https:\/\/os-stari-trg-ok.si\/files\/2019\/04\/DSC_0002.jpg 3872w, https:\/\/os-stari-trg-ok.si\/files\/2019\/04\/DSC_0002-300x201.jpg 300w, https:\/\/os-stari-trg-ok.si\/files\/2019\/04\/DSC_0002-768x514.jpg 768w, https:\/\/os-stari-trg-ok.si\/files\/2019\/04\/DSC_0002-800x536.jpg 800w, https:\/\/os-stari-trg-ok.si\/files\/2019\/04\/DSC_0002-82x55.jpg 82w, https:\/\/os-stari-trg-ok.si\/files\/2019\/04\/DSC_0002-140x90.jpg 140w, https:\/\/os-stari-trg-ok.si\/files\/2019\/04\/DSC_0002-380x230.jpg 380w\" sizes=\"auto, (max-width: 14px) 100vw, 14px\" \/><\/a><\/p>\n","protected":false},"excerpt":{"rendered":"<p>Zaj\u010dek ska\u010de sem ter tja, jaj\u010dka lepo barvat zna, vsem vam pisanko poda in vam re\u010de, da vas rad ima! &nbsp; V \u010detrtek, 11. 4. 2019, smo z u\u010denci 1. [&hellip;]<\/p>\n","protected":false},"author":17327,"featured_media":0,"comment_status":"closed","ping_status":"closed","sticky":false,"template":"","format":"standard","meta":{"ngg_post_thumbnail":0,"footnotes":""},"categories":[67],"tags":[],"class_list":["post-7651","post","type-post","status-publish","format-standard","hentry","category-arhiv-za-solsko-leto-20182019"],"_links":{"self":[{"href":"https:\/\/os-stari-trg-ok.si\/index.php?rest_route=\/wp\/v2\/posts\/7651","targetHints":{"allow":["GET"]}}],"collection":[{"href":"https:\/\/os-stari-trg-ok.si\/index.php?rest_route=\/wp\/v2\/posts"}],"about":[{"href":"https:\/\/os-stari-trg-ok.si\/index.php?rest_route=\/wp\/v2\/types\/post"}],"author":[{"embeddable":true,"href":"https:\/\/os-stari-trg-ok.si\/index.php?rest_route=\/wp\/v2\/users\/17327"}],"replies":[{"embeddable":true,"href":"https:\/\/os-stari-trg-ok.si\/index.php?rest_route=%2Fwp%2Fv2%2Fcomments&post=7651"}],"version-history":[{"count":16,"href":"https:\/\/os-stari-trg-ok.si\/index.php?rest_route=\/wp\/v2\/posts\/7651\/revisions"}],"predecessor-version":[{"id":7699,"href":"https:\/\/os-stari-trg-ok.si\/index.php?rest_route=\/wp\/v2\/posts\/7651\/revisions\/7699"}],"wp:attachment":[{"href":"https:\/\/os-stari-trg-ok.si\/index.php?rest_route=%2Fwp%2Fv2%2Fmedia&parent=7651"}],"wp:term":[{"taxonomy":"category","embeddable":true,"href":"https:\/\/os-stari-trg-ok.si\/index.php?rest_route=%2Fwp%2Fv2%2Fcategories&post=7651"},{"taxonomy":"post_tag","embeddable":true,"href":"https:\/\/os-stari-trg-ok.si\/index.php?rest_route=%2Fwp%2Fv2%2Ftags&post=7651"}],"curies":[{"name":"wp","href":"https:\/\/api.w.org\/{rel}","templated":true}]}}