{"id":8713,"date":"2019-06-03T13:58:21","date_gmt":"2019-06-03T11:58:21","guid":{"rendered":"http:\/\/staritrgobkolpi.splet.arnes.si\/?p=8713"},"modified":"2019-06-14T14:44:43","modified_gmt":"2019-06-14T12:44:43","slug":"ustvarjanje-na-5-izletniski-koloniji-mladih-likovnikov-dolenjske-in-bele-krajine","status":"publish","type":"post","link":"https:\/\/os-stari-trg-ok.si\/?p=8713","title":{"rendered":"Ustvarjanje na 5. izletni\u0161ki koloniji mladih likovnikov Dolenjske in Bele krajine"},"content":{"rendered":"<p><span style=\"color: #000000\">\u00a0V \u010detrtek, 30.5. 2019, sta se u\u010denca O\u0160 Stari trg ob Kolpi, Andra\u017e Bra\u010dko Majerle in Kristjan \u0160terbenc, udele\u017eila izletni\u0161ke kolonije v Italiji, v mestu Grade\u017e. S svojimi romanti\u010dnimi ulicami in hi\u0161kami, ki so bile obdane z ro\u017eami in drugimi detajli, je mesto kar klicalo po ve\u010dnem zape\u010datenju le teh na papirju. U\u010denca sta ustvarjala z vodenimi barvicami in nastali sta \u010dudoviti likovni deli. Po ustvarjanju sta si privo\u0161\u010dila \u0161e pravi italijanski slasten sladoled ter spoznala nove prijatelje. Ta dan nam bo ostal v zares lepem spominu.<\/span><\/p>\n<p><span style=\"color: #000000\">Ajda Skrbin\u0161ek, mentorica<\/span><\/p>\n<p>[wzslider]\u00a0\u00a0 <a href=\"http:\/\/staritrgobkolpi.splet.arnes.si\/?attachment_id=8721\" rel=\"attachment wp-att-8721\"><img loading=\"lazy\" decoding=\"async\" class=\"alignnone wp-image-8721\" src=\"http:\/\/staritrgobkolpi.splet.arnes.si\/files\/2019\/06\/20190530_153533.jpg\" alt=\"\" width=\"3\" height=\"6\" srcset=\"https:\/\/os-stari-trg-ok.si\/files\/2019\/06\/20190530_153533.jpg 1440w, https:\/\/os-stari-trg-ok.si\/files\/2019\/06\/20190530_153533-155x300.jpg 155w, https:\/\/os-stari-trg-ok.si\/files\/2019\/06\/20190530_153533-768x1489.jpg 768w, https:\/\/os-stari-trg-ok.si\/files\/2019\/06\/20190530_153533-309x600.jpg 309w, https:\/\/os-stari-trg-ok.si\/files\/2019\/06\/20190530_153533-28x55.jpg 28w\" sizes=\"auto, (max-width: 3px) 100vw, 3px\" \/><\/a><\/p>\n<p>&nbsp;<\/p>\n","protected":false},"excerpt":{"rendered":"<p>\u00a0V \u010detrtek, 30.5. 2019, sta se u\u010denca O\u0160 Stari trg ob Kolpi, Andra\u017e Bra\u010dko Majerle in Kristjan \u0160terbenc, udele\u017eila izletni\u0161ke kolonije v Italiji, v mestu Grade\u017e. S svojimi romanti\u010dnimi ulicami [&hellip;]<\/p>\n","protected":false},"author":17327,"featured_media":0,"comment_status":"closed","ping_status":"closed","sticky":false,"template":"","format":"standard","meta":{"ngg_post_thumbnail":0,"footnotes":""},"categories":[67],"tags":[],"class_list":["post-8713","post","type-post","status-publish","format-standard","hentry","category-arhiv-za-solsko-leto-20182019"],"_links":{"self":[{"href":"https:\/\/os-stari-trg-ok.si\/index.php?rest_route=\/wp\/v2\/posts\/8713","targetHints":{"allow":["GET"]}}],"collection":[{"href":"https:\/\/os-stari-trg-ok.si\/index.php?rest_route=\/wp\/v2\/posts"}],"about":[{"href":"https:\/\/os-stari-trg-ok.si\/index.php?rest_route=\/wp\/v2\/types\/post"}],"author":[{"embeddable":true,"href":"https:\/\/os-stari-trg-ok.si\/index.php?rest_route=\/wp\/v2\/users\/17327"}],"replies":[{"embeddable":true,"href":"https:\/\/os-stari-trg-ok.si\/index.php?rest_route=%2Fwp%2Fv2%2Fcomments&post=8713"}],"version-history":[{"count":3,"href":"https:\/\/os-stari-trg-ok.si\/index.php?rest_route=\/wp\/v2\/posts\/8713\/revisions"}],"predecessor-version":[{"id":8737,"href":"https:\/\/os-stari-trg-ok.si\/index.php?rest_route=\/wp\/v2\/posts\/8713\/revisions\/8737"}],"wp:attachment":[{"href":"https:\/\/os-stari-trg-ok.si\/index.php?rest_route=%2Fwp%2Fv2%2Fmedia&parent=8713"}],"wp:term":[{"taxonomy":"category","embeddable":true,"href":"https:\/\/os-stari-trg-ok.si\/index.php?rest_route=%2Fwp%2Fv2%2Fcategories&post=8713"},{"taxonomy":"post_tag","embeddable":true,"href":"https:\/\/os-stari-trg-ok.si\/index.php?rest_route=%2Fwp%2Fv2%2Ftags&post=8713"}],"curies":[{"name":"wp","href":"https:\/\/api.w.org\/{rel}","templated":true}]}}