{"id":8803,"date":"2019-06-14T14:22:55","date_gmt":"2019-06-14T12:22:55","guid":{"rendered":"http:\/\/staritrgobkolpi.splet.arnes.si\/?p=8803"},"modified":"2019-06-14T14:22:55","modified_gmt":"2019-06-14T12:22:55","slug":"20-mali-likovni-tabor-ustvarjalcev-os-dolenjske-bele-krajine-in-posavja","status":"publish","type":"post","link":"https:\/\/os-stari-trg-ok.si\/?p=8803","title":{"rendered":"20. Mali likovni tabor ustvarjalcev O\u0160 Dolenjske, Bele krajine in Posavja"},"content":{"rendered":"<p dir=\"ltr\"><span style=\"color: #000000\">V torek, 11. 6. 2019, so se u\u010denci Nastja, Kristjan, Lidija in Erik ter njihova mentorica Ajda Skrbin\u0161ek iz O\u0161 Stari trg ob Kolpi, udele\u017eili 20. Malega likovnega tabora v Trebnjem, katerega v sklopu mednarodnega Tabora likovnih samorastnikov organizira tamkaj\u0161nja OI Javnega sklada RS za kulturne dejavnosti.<\/span><\/p>\n<p dir=\"ltr\"><span style=\"color: #000000\">Dan se je za\u010del z zborom v Galeriji likovnih samorastnikov, kjer so si u\u010denci ogledali galerijsko zbirko umetnin ter razstavo osebne zbirke znanr slikarke Irene Polanec. Nato so \u010dlani Etno dru\u017eabnega dru\u0161tva Draga pri \u0160entrupertu predstavili stare predmete in arhitekturno dedi\u0161\u010dino kraja Draga pri \u0160entrupertu, kjer so u\u010denci tudi ustvarjali. Mlade ustvarjalce je pri delu s svojimi nasveti usmerjal tudi priznani slovenski risar Peter \u0160kerl. Kreativen dan in nova prijateljstva so u\u010dencem narisala nasmeh na obraz.\u00a0<\/span><\/p>\n<p dir=\"ltr\"><span style=\"color: #000000\">Mentorica Ajda Skrbin\u0161ek<\/span><\/p>\n<p dir=\"ltr\">[wzslider]\u00a0\u00a0\u00a0\u00a0\u00a0\u00a0\u00a0 <a href=\"http:\/\/staritrgobkolpi.splet.arnes.si\/?attachment_id=8807\" rel=\"attachment wp-att-8807\"><img loading=\"lazy\" decoding=\"async\" class=\"alignnone  wp-image-8807\" src=\"http:\/\/staritrgobkolpi.splet.arnes.si\/files\/2019\/06\/20190611_083427.jpg\" alt=\"\" width=\"5\" height=\"4\" srcset=\"https:\/\/os-stari-trg-ok.si\/files\/2019\/06\/20190611_083427.jpg 4032w, https:\/\/os-stari-trg-ok.si\/files\/2019\/06\/20190611_083427-150x150.jpg 150w, https:\/\/os-stari-trg-ok.si\/files\/2019\/06\/20190611_083427-300x225.jpg 300w, https:\/\/os-stari-trg-ok.si\/files\/2019\/06\/20190611_083427-768x576.jpg 768w, https:\/\/os-stari-trg-ok.si\/files\/2019\/06\/20190611_083427-800x600.jpg 800w, https:\/\/os-stari-trg-ok.si\/files\/2019\/06\/20190611_083427-73x55.jpg 73w, https:\/\/os-stari-trg-ok.si\/files\/2019\/06\/20190611_083427-30x30.jpg 30w, https:\/\/os-stari-trg-ok.si\/files\/2019\/06\/20190611_083427-140x90.jpg 140w, https:\/\/os-stari-trg-ok.si\/files\/2019\/06\/20190611_083427-220x110.jpg 220w, https:\/\/os-stari-trg-ok.si\/files\/2019\/06\/20190611_083427-380x230.jpg 380w\" sizes=\"auto, (max-width: 5px) 100vw, 5px\" \/><\/a><\/p>\n","protected":false},"excerpt":{"rendered":"<p>V torek, 11. 6. 2019, so se u\u010denci Nastja, Kristjan, Lidija in Erik ter njihova mentorica Ajda Skrbin\u0161ek iz O\u0161 Stari trg ob Kolpi, udele\u017eili 20. Malega likovnega tabora v [&hellip;]<\/p>\n","protected":false},"author":17327,"featured_media":0,"comment_status":"closed","ping_status":"closed","sticky":false,"template":"","format":"standard","meta":{"ngg_post_thumbnail":0,"footnotes":""},"categories":[67],"tags":[],"class_list":["post-8803","post","type-post","status-publish","format-standard","hentry","category-arhiv-za-solsko-leto-20182019"],"_links":{"self":[{"href":"https:\/\/os-stari-trg-ok.si\/index.php?rest_route=\/wp\/v2\/posts\/8803","targetHints":{"allow":["GET"]}}],"collection":[{"href":"https:\/\/os-stari-trg-ok.si\/index.php?rest_route=\/wp\/v2\/posts"}],"about":[{"href":"https:\/\/os-stari-trg-ok.si\/index.php?rest_route=\/wp\/v2\/types\/post"}],"author":[{"embeddable":true,"href":"https:\/\/os-stari-trg-ok.si\/index.php?rest_route=\/wp\/v2\/users\/17327"}],"replies":[{"embeddable":true,"href":"https:\/\/os-stari-trg-ok.si\/index.php?rest_route=%2Fwp%2Fv2%2Fcomments&post=8803"}],"version-history":[{"count":1,"href":"https:\/\/os-stari-trg-ok.si\/index.php?rest_route=\/wp\/v2\/posts\/8803\/revisions"}],"predecessor-version":[{"id":8823,"href":"https:\/\/os-stari-trg-ok.si\/index.php?rest_route=\/wp\/v2\/posts\/8803\/revisions\/8823"}],"wp:attachment":[{"href":"https:\/\/os-stari-trg-ok.si\/index.php?rest_route=%2Fwp%2Fv2%2Fmedia&parent=8803"}],"wp:term":[{"taxonomy":"category","embeddable":true,"href":"https:\/\/os-stari-trg-ok.si\/index.php?rest_route=%2Fwp%2Fv2%2Fcategories&post=8803"},{"taxonomy":"post_tag","embeddable":true,"href":"https:\/\/os-stari-trg-ok.si\/index.php?rest_route=%2Fwp%2Fv2%2Ftags&post=8803"}],"curies":[{"name":"wp","href":"https:\/\/api.w.org\/{rel}","templated":true}]}}