{"id":8913,"date":"2019-06-18T23:09:25","date_gmt":"2019-06-18T21:09:25","guid":{"rendered":"http:\/\/staritrgobkolpi.splet.arnes.si\/?p=8913"},"modified":"2019-06-20T22:56:34","modified_gmt":"2019-06-20T20:56:34","slug":"sprejem-pri-zupanu-obcine-crnomelj","status":"publish","type":"post","link":"https:\/\/os-stari-trg-ok.si\/?p=8913","title":{"rendered":"Sprejem pri \u017eupanu Ob\u010dine \u010crnomelj"},"content":{"rendered":"<p>V ponedeljek, 10. junija, je \u010drnomaljski \u017eupan Andrej Kav\u0161ek gostil drugo skupino uspe\u0161nih in nadarjenih osnovno\u0161olcev. V sejni sobi Ob\u010dine smo se zbrali u\u010denci, mentorji in ravnatelji O\u0160 Mirana Jarca, Dragatu\u0161a, Starega trga ob Kolpi in Glasbene \u0161ole. \u017dupan je u\u010dencem \u010destital za odli\u010dne dose\u017eke in jim izro\u010dil prilo\u017enostno darilo. Poudaril je, da jim \u017eeli \u0161e veliko motivacije, da bi z vztrajnostjo in uspehi nadaljevali tudi v prihodnosti. Pred odhodom smo se dru\u017eili \u0161e ob pici in soku.<\/p>\n<p>Z O\u0160 Stari trg ob Kolpi so bile na sprejem k \u017eupanu povabljene u\u010denke: Sara Kastelec iz 2. r., Ajda Miheli\u0107 in Patricija \u0160lajmer iz 6. r. ter Neja Evgenija R\u017een iz 9. r. U\u010denke so bile posebej uspe\u0161ne na likovnih in literarnih nate\u010dajih.<\/p>\n<p><img decoding=\"async\" src=\"http:\/\/www.crnomelj.si\/media\/k2\/items\/cache\/942760604d2ec651ea73aefbf02112c5_S.jpg\" alt=\"\u00c5\u00bdupan sprejel \u00c5\u00a1e drugo skupino najuspe\u00c5\u00a1nej\u00c5\u00a1ih osnovno\u00c5\u00a1olcev\" \/><\/p>\n<p>besedilo Marija Volf<\/p>\n<p>fotografija Ob\u010dina \u010crnomelj<\/p>\n","protected":false},"excerpt":{"rendered":"<p>V ponedeljek, 10. junija, je \u010drnomaljski \u017eupan Andrej Kav\u0161ek gostil drugo skupino uspe\u0161nih in nadarjenih osnovno\u0161olcev. V sejni sobi Ob\u010dine smo se zbrali u\u010denci, mentorji in ravnatelji O\u0160 Mirana Jarca, [&hellip;]<\/p>\n","protected":false},"author":17493,"featured_media":0,"comment_status":"closed","ping_status":"closed","sticky":false,"template":"","format":"standard","meta":{"ngg_post_thumbnail":0,"footnotes":""},"categories":[67],"tags":[],"class_list":["post-8913","post","type-post","status-publish","format-standard","hentry","category-arhiv-za-solsko-leto-20182019"],"_links":{"self":[{"href":"https:\/\/os-stari-trg-ok.si\/index.php?rest_route=\/wp\/v2\/posts\/8913","targetHints":{"allow":["GET"]}}],"collection":[{"href":"https:\/\/os-stari-trg-ok.si\/index.php?rest_route=\/wp\/v2\/posts"}],"about":[{"href":"https:\/\/os-stari-trg-ok.si\/index.php?rest_route=\/wp\/v2\/types\/post"}],"author":[{"embeddable":true,"href":"https:\/\/os-stari-trg-ok.si\/index.php?rest_route=\/wp\/v2\/users\/17493"}],"replies":[{"embeddable":true,"href":"https:\/\/os-stari-trg-ok.si\/index.php?rest_route=%2Fwp%2Fv2%2Fcomments&post=8913"}],"version-history":[{"count":1,"href":"https:\/\/os-stari-trg-ok.si\/index.php?rest_route=\/wp\/v2\/posts\/8913\/revisions"}],"predecessor-version":[{"id":8915,"href":"https:\/\/os-stari-trg-ok.si\/index.php?rest_route=\/wp\/v2\/posts\/8913\/revisions\/8915"}],"wp:attachment":[{"href":"https:\/\/os-stari-trg-ok.si\/index.php?rest_route=%2Fwp%2Fv2%2Fmedia&parent=8913"}],"wp:term":[{"taxonomy":"category","embeddable":true,"href":"https:\/\/os-stari-trg-ok.si\/index.php?rest_route=%2Fwp%2Fv2%2Fcategories&post=8913"},{"taxonomy":"post_tag","embeddable":true,"href":"https:\/\/os-stari-trg-ok.si\/index.php?rest_route=%2Fwp%2Fv2%2Ftags&post=8913"}],"curies":[{"name":"wp","href":"https:\/\/api.w.org\/{rel}","templated":true}]}}