{"id":8917,"date":"2019-06-19T00:07:46","date_gmt":"2019-06-18T22:07:46","guid":{"rendered":"http:\/\/staritrgobkolpi.splet.arnes.si\/?p=8917"},"modified":"2019-06-20T22:55:46","modified_gmt":"2019-06-20T20:55:46","slug":"moja-obcina-ali-te-poznam","status":"publish","type":"post","link":"https:\/\/os-stari-trg-ok.si\/?p=8917","title":{"rendered":"Moja ob\u010dina &#8211; ali te poznam?"},"content":{"rendered":"<p>Na leto\u0161njem nate\u010daju u\u010diteljskega kulturno-naravoslovnega dru\u0161tva Na\u0161a zemlja so u\u010denci literarno, likovno in fotografsko ustvarjali na temo Moja domovina &#8211; Moja ob\u010dina &#8211; ali te poznam?. Ustvarili so preko 1600 izdelkov. Zaklju\u010dne prireditve nate\u010daja so tudi letos potekale na 16 \u0161olah po vsej Sloveniji, in sicer ob dr\u017eavnem prazniku dnevu Primo\u017ea Trubarja, ki ga praznujemo 8. junija.<\/p>\n<p>Na\u0161a gostiteljica je bila tudi letos O\u0160 Zbora odposlancev Ko\u010devje. Na slovesnem prireditvenem prostoru v avli \u0161ole smo se pod ve\u010der v ponedeljek, 10. junija, zbrali nagrajeni u\u010denci, mentorji, ravnatelji in star\u0161i z O\u0160 Ob Rin\u017ei Ko\u010devje, Ljuba \u0160ercerja Ko\u010devje, Stare Cerkve, Fare, Starega trga pri Lo\u017eu, \u017du\u017eemberka, Vavte vasi, Belokranjskega odreda Semi\u010d, Zbora odposlancev Ko\u010devje in Starega trga ob Kolpi.<\/p>\n<p>Pozdravil nas je pod\u017eupan Ob\u010dine Ko\u010devje Roman Hrovat, nagovoril pa ravnatelj O\u0160 Zbora odposlancev Peter Pirc. Slednji se je zahvalil u\u010dencem, mentorjem in ravnateljem za ustvarjanje na nate\u010daju in poudaril izjemen pomen domoljubja za ohranjanje na\u0161ega jezika, naroda in kulture. V kulturnem programu so nastopili trije pevski zbori, flavtistka in recitatorka \u0161ole gostiteljice. Pozorno pa smo prisluhnili tudi odlomkom iz nagrajenih pesmi in pripovednih besedil ter si ogledali likovne in fotografske izdelke nagrajenih u\u010dencev.<\/p>\n<p>Z O\u0160 Stari trg ob Kolpi so prejeli priznanje u\u010denci 6.-9. razreda: Ajda Miheli\u0107, Patricija \u0160lajmer, Kristjan \u0160terbenc, Lidija Mihajlovi\u0107, Erik R\u017een in Neja Evgenija R\u017een. V svojih pesmih in spisih so ljube\u010de razmi\u0161ljali o ob\u010dinah Ko\u010devje in \u010crnomelj, od koder so doma.<\/p>\n<p>Predno smo se raz\u0161li, smo \u0161e poklepetali ob slastnem pecivu, sadju in sokovih, nastala pa je tudi spominska fotografija. Prijeten ponedeljkov ve\u010der sta z nami pre\u017eivela tudi gospa Sne\u017eana R\u017een in gospod Pavel \u0160lajmer. Star\u0161em iskrena hvala za prevoz otrok.<\/p>\n<p>&nbsp;<\/p>\n<p><img loading=\"lazy\" decoding=\"async\" class=\"alignnone wp-image-8921\" src=\"http:\/\/staritrgobkolpi.splet.arnes.si\/files\/2019\/06\/000_0005-300x225.jpg\" alt=\"\" width=\"613\" height=\"460\" srcset=\"https:\/\/os-stari-trg-ok.si\/files\/2019\/06\/000_0005-300x225.jpg 300w, https:\/\/os-stari-trg-ok.si\/files\/2019\/06\/000_0005-768x576.jpg 768w, https:\/\/os-stari-trg-ok.si\/files\/2019\/06\/000_0005-800x600.jpg 800w, https:\/\/os-stari-trg-ok.si\/files\/2019\/06\/000_0005-73x55.jpg 73w\" sizes=\"auto, (max-width: 613px) 100vw, 613px\" \/><\/p>\n<p>&nbsp;<\/p>\n<p><img loading=\"lazy\" decoding=\"async\" class=\"alignnone wp-image-8919\" src=\"http:\/\/staritrgobkolpi.splet.arnes.si\/files\/2019\/06\/000_0004-300x225.jpg\" alt=\"\" width=\"616\" height=\"462\" srcset=\"https:\/\/os-stari-trg-ok.si\/files\/2019\/06\/000_0004-300x225.jpg 300w, https:\/\/os-stari-trg-ok.si\/files\/2019\/06\/000_0004-768x576.jpg 768w, https:\/\/os-stari-trg-ok.si\/files\/2019\/06\/000_0004-800x600.jpg 800w, https:\/\/os-stari-trg-ok.si\/files\/2019\/06\/000_0004-73x55.jpg 73w\" sizes=\"auto, (max-width: 616px) 100vw, 616px\" \/><\/p>\n<p>Marija Volf, mentorica<\/p>\n","protected":false},"excerpt":{"rendered":"<p>Na leto\u0161njem nate\u010daju u\u010diteljskega kulturno-naravoslovnega dru\u0161tva Na\u0161a zemlja so u\u010denci literarno, likovno in fotografsko ustvarjali na temo Moja domovina &#8211; Moja ob\u010dina &#8211; ali te poznam?. Ustvarili so preko 1600 [&hellip;]<\/p>\n","protected":false},"author":17493,"featured_media":0,"comment_status":"closed","ping_status":"closed","sticky":false,"template":"","format":"standard","meta":{"ngg_post_thumbnail":0,"footnotes":""},"categories":[67],"tags":[],"class_list":["post-8917","post","type-post","status-publish","format-standard","hentry","category-arhiv-za-solsko-leto-20182019"],"_links":{"self":[{"href":"https:\/\/os-stari-trg-ok.si\/index.php?rest_route=\/wp\/v2\/posts\/8917","targetHints":{"allow":["GET"]}}],"collection":[{"href":"https:\/\/os-stari-trg-ok.si\/index.php?rest_route=\/wp\/v2\/posts"}],"about":[{"href":"https:\/\/os-stari-trg-ok.si\/index.php?rest_route=\/wp\/v2\/types\/post"}],"author":[{"embeddable":true,"href":"https:\/\/os-stari-trg-ok.si\/index.php?rest_route=\/wp\/v2\/users\/17493"}],"replies":[{"embeddable":true,"href":"https:\/\/os-stari-trg-ok.si\/index.php?rest_route=%2Fwp%2Fv2%2Fcomments&post=8917"}],"version-history":[{"count":1,"href":"https:\/\/os-stari-trg-ok.si\/index.php?rest_route=\/wp\/v2\/posts\/8917\/revisions"}],"predecessor-version":[{"id":8923,"href":"https:\/\/os-stari-trg-ok.si\/index.php?rest_route=\/wp\/v2\/posts\/8917\/revisions\/8923"}],"wp:attachment":[{"href":"https:\/\/os-stari-trg-ok.si\/index.php?rest_route=%2Fwp%2Fv2%2Fmedia&parent=8917"}],"wp:term":[{"taxonomy":"category","embeddable":true,"href":"https:\/\/os-stari-trg-ok.si\/index.php?rest_route=%2Fwp%2Fv2%2Fcategories&post=8917"},{"taxonomy":"post_tag","embeddable":true,"href":"https:\/\/os-stari-trg-ok.si\/index.php?rest_route=%2Fwp%2Fv2%2Ftags&post=8917"}],"curies":[{"name":"wp","href":"https:\/\/api.w.org\/{rel}","templated":true}]}}