{"id":8925,"date":"2019-06-19T01:08:30","date_gmt":"2019-06-18T23:08:30","guid":{"rendered":"http:\/\/staritrgobkolpi.splet.arnes.si\/?p=8925"},"modified":"2019-06-20T22:55:13","modified_gmt":"2019-06-20T20:55:13","slug":"navduseni-nad-gledalisko-predstavo-kit-na-plazi","status":"publish","type":"post","link":"https:\/\/os-stari-trg-ok.si\/?p=8925","title":{"rendered":"Navdu\u0161eni nad gledali\u0161ko predstavo Kit na pla\u017ei"},"content":{"rendered":"<p>\u010clani kulturno-umetni\u0161kega oz. gledali\u0161kega kro\u017eka smo torkov popoldan 11. junija pre\u017eiveli v Ljubljani, natan\u010dneje v Lutkovnem gledali\u0161\u010du Ljubljane. Gledali\u0161kega dogodka smo se dlje \u010dasa zelo veselili in izkazalo se je, da ne zaman.<\/p>\n<p>V LGL na Krekovem trgu smo si v dvorani \u0160entjakobskega gledali\u0161\u010da ogledali predstavo Kit na pla\u017ei. Dramska igra je nastala po istoimenskem sodobnem mladinskem romanu Vinka Moederndorferja. Zgodba je pripovedovala o najstnici Niki, ki se je z dru\u017eino vrnila iz Francije in si v novem kraju in novi \u0161oli iskala nove prijatelje. A Nika, ki je bila v \u0161oli superodli\u010dnjakinja in je obiskovala \u0161e kopico izven\u0161olskih dejavnosti, je pred so\u0161olci in prijatelji prikrivala dru\u017einsko skrivnost &#8211; mlaj\u0161ega brata Igorja, ki je bil zelo druga\u010den, saj je bil otrok z Downovim sindromom &#8230;<\/p>\n<p>Predstava z odli\u010dno igralsko zasedbo nas ni pustila ravnodu\u0161ne &#8211; globoko se nas je dotaknila in nam izvabila solze ganjenosti. Vsi smo bili enotnega mnenja, da je predstava namenjena tako otrokom kot odraslim in da bi jo moralo videti \u010dim ve\u010d gledalcev.<\/p>\n<p>Po kon\u010dani predstavi smo se sprehodili po Stari Ljubljani in si privo\u0161\u010dili slasten sladoled. Ker smo imeli nekaj ve\u010d vstopnic in dovolj prostora v kombiju, smo povabili s seboj v gledali\u0161\u010de \u0161e gospo tajnico Mojco Breznik, predstavnico sveta star\u0161ev gospo Evo Hala\u0161ovo s sinom Matya\u0161em, v Ljubljani pa se nam je pridru\u017eila \u0161e na\u0161a lanskoletna deveto\u0161olka Lucija Konda. Sklenili smo, da bomo v novem \u0161olskem letu ve\u010dkrat obiskali gledali\u0161\u010de, \u010de bo le mogo\u010de. In verjeli ali ne, nekateri so bili tokrat prvi\u010d v gledali\u0161\u010du &#8230; Na\u0161e navdu\u0161enje nad gledali\u0161\u010dem bi zagotovo delil z nami tudi na\u0161 veliki belokranjski poet Oton \u017dupan\u010di\u010d (dramatik, dramaturg in ravnatelj SNG), \u010digar 70. obletnice smrti smo se spominjali ravno 11. junija.<\/p>\n<p>Polni lepih vtisov smo se v zgodnjih ve\u010dernih urah z voznikom Pavlom vra\u010dali domov. A od doma so pri\u010dele prihajati pretresljive in zaskrbljujo\u010de vesti o siloviti to\u010di, ki je prizadela mnoge doma\u010dije v na\u0161i prelepi Poljanski dolini. Tako smo komaj \u010dakali, da pridemo domov.<\/p>\n<p>&nbsp;<\/p>\n<p><img loading=\"lazy\" decoding=\"async\" class=\"alignnone wp-image-8927\" src=\"http:\/\/staritrgobkolpi.splet.arnes.si\/files\/2019\/06\/000_0001-300x225.jpg\" alt=\"\" width=\"574\" height=\"430\" srcset=\"https:\/\/os-stari-trg-ok.si\/files\/2019\/06\/000_0001-300x225.jpg 300w, https:\/\/os-stari-trg-ok.si\/files\/2019\/06\/000_0001-768x576.jpg 768w, https:\/\/os-stari-trg-ok.si\/files\/2019\/06\/000_0001-800x600.jpg 800w, https:\/\/os-stari-trg-ok.si\/files\/2019\/06\/000_0001-73x55.jpg 73w\" sizes=\"auto, (max-width: 574px) 100vw, 574px\" \/><\/p>\n<p>&nbsp;<\/p>\n<p><img loading=\"lazy\" decoding=\"async\" class=\"alignnone wp-image-8931\" src=\"http:\/\/staritrgobkolpi.splet.arnes.si\/files\/2019\/06\/000_0002-300x225.jpg\" alt=\"\" width=\"576\" height=\"432\" srcset=\"https:\/\/os-stari-trg-ok.si\/files\/2019\/06\/000_0002-300x225.jpg 300w, https:\/\/os-stari-trg-ok.si\/files\/2019\/06\/000_0002-768x576.jpg 768w, https:\/\/os-stari-trg-ok.si\/files\/2019\/06\/000_0002-800x600.jpg 800w, https:\/\/os-stari-trg-ok.si\/files\/2019\/06\/000_0002-73x55.jpg 73w\" sizes=\"auto, (max-width: 576px) 100vw, 576px\" \/><\/p>\n<p>Marija Volf, mentorica<\/p>\n","protected":false},"excerpt":{"rendered":"<p>\u010clani kulturno-umetni\u0161kega oz. gledali\u0161kega kro\u017eka smo torkov popoldan 11. junija pre\u017eiveli v Ljubljani, natan\u010dneje v Lutkovnem gledali\u0161\u010du Ljubljane. Gledali\u0161kega dogodka smo se dlje \u010dasa zelo veselili in izkazalo se je, [&hellip;]<\/p>\n","protected":false},"author":17493,"featured_media":0,"comment_status":"closed","ping_status":"closed","sticky":false,"template":"","format":"standard","meta":{"ngg_post_thumbnail":0,"footnotes":""},"categories":[67],"tags":[],"class_list":["post-8925","post","type-post","status-publish","format-standard","hentry","category-arhiv-za-solsko-leto-20182019"],"_links":{"self":[{"href":"https:\/\/os-stari-trg-ok.si\/index.php?rest_route=\/wp\/v2\/posts\/8925","targetHints":{"allow":["GET"]}}],"collection":[{"href":"https:\/\/os-stari-trg-ok.si\/index.php?rest_route=\/wp\/v2\/posts"}],"about":[{"href":"https:\/\/os-stari-trg-ok.si\/index.php?rest_route=\/wp\/v2\/types\/post"}],"author":[{"embeddable":true,"href":"https:\/\/os-stari-trg-ok.si\/index.php?rest_route=\/wp\/v2\/users\/17493"}],"replies":[{"embeddable":true,"href":"https:\/\/os-stari-trg-ok.si\/index.php?rest_route=%2Fwp%2Fv2%2Fcomments&post=8925"}],"version-history":[{"count":1,"href":"https:\/\/os-stari-trg-ok.si\/index.php?rest_route=\/wp\/v2\/posts\/8925\/revisions"}],"predecessor-version":[{"id":8933,"href":"https:\/\/os-stari-trg-ok.si\/index.php?rest_route=\/wp\/v2\/posts\/8925\/revisions\/8933"}],"wp:attachment":[{"href":"https:\/\/os-stari-trg-ok.si\/index.php?rest_route=%2Fwp%2Fv2%2Fmedia&parent=8925"}],"wp:term":[{"taxonomy":"category","embeddable":true,"href":"https:\/\/os-stari-trg-ok.si\/index.php?rest_route=%2Fwp%2Fv2%2Fcategories&post=8925"},{"taxonomy":"post_tag","embeddable":true,"href":"https:\/\/os-stari-trg-ok.si\/index.php?rest_route=%2Fwp%2Fv2%2Ftags&post=8925"}],"curies":[{"name":"wp","href":"https:\/\/api.w.org\/{rel}","templated":true}]}}