{"id":8993,"date":"2019-07-05T13:28:04","date_gmt":"2019-07-05T11:28:04","guid":{"rendered":"http:\/\/staritrgobkolpi.splet.arnes.si\/?p=8993"},"modified":"2019-07-05T13:28:04","modified_gmt":"2019-07-05T11:28:04","slug":"dan-drzavnosti-in-konec-pouka","status":"publish","type":"post","link":"https:\/\/os-stari-trg-ok.si\/?p=8993","title":{"rendered":"Dan dr\u017eavnosti in konec pouka"},"content":{"rendered":"<p><span style=\"color: #000000\">24.6. 2019 smo zaklju\u010dili s poukom v \u0161olskem letu 2018\/2019. Po podelitvi spri\u010deval smo po\u010dastili \u0161e praznik \u2013 dan dr\u017eavnosti. Kulturni program se je za\u010del s slovensko himno in nadaljeval z zanimivimi nastopi pred\u0161olskih in \u0161olskih otrok.<\/span><\/p>\n<p><span style=\"color: #000000\">Tako smo sli\u0161ali, kako so u\u010denci opisovali svoj kraj v okviru\u00a0vseslovenskega literarnega nate\u010daja \u00bbMoja domovina &#8211; Moja ob\u010dina &#8211; ali te poznam?\u00ab, pesmi, ki sta nam jih zapela otro\u0161ki in mladinski pevski zbor, in nastop &#8220;kozar\u010dkarjev&#8221;. Ob koncu je vse prisotne z vzpodbudnimi besedami slovesa pred za\u010detkom po\u010ditnic nagovorila \u0161e ravnateljica.\u00a0<\/span><\/p>\n<p><span style=\"color: #000000\">Prireditev sta zaklju\u010dila u\u010denca, ki sta povezovala program, z naslednjimi besedami:\u00a0&#8220;Naj bo lepo v \u010dasu poletnih po\u010ditnic.\u00a0Nau\u017eijmo se vsega tistega, kar imamo radi, kar nas izpolnjuje in nam bogati \u017eivljenje. \u010cim ve\u010d prijaznih in son\u010dnih dni naj bo. Iiinnn, gremo, juhu, po\u010ditnice so<\/span> tu!&#8221;<\/p>\n<p>[wzslider]<\/p>\n","protected":false},"excerpt":{"rendered":"<p>24.6. 2019 smo zaklju\u010dili s poukom v \u0161olskem letu 2018\/2019. Po podelitvi spri\u010deval smo po\u010dastili \u0161e praznik \u2013 dan dr\u017eavnosti. Kulturni program se je za\u010del s slovensko himno in nadaljeval [&hellip;]<\/p>\n","protected":false},"author":17327,"featured_media":0,"comment_status":"closed","ping_status":"closed","sticky":false,"template":"","format":"standard","meta":{"ngg_post_thumbnail":0,"footnotes":""},"categories":[67],"tags":[],"class_list":["post-8993","post","type-post","status-publish","format-standard","hentry","category-arhiv-za-solsko-leto-20182019"],"_links":{"self":[{"href":"https:\/\/os-stari-trg-ok.si\/index.php?rest_route=\/wp\/v2\/posts\/8993","targetHints":{"allow":["GET"]}}],"collection":[{"href":"https:\/\/os-stari-trg-ok.si\/index.php?rest_route=\/wp\/v2\/posts"}],"about":[{"href":"https:\/\/os-stari-trg-ok.si\/index.php?rest_route=\/wp\/v2\/types\/post"}],"author":[{"embeddable":true,"href":"https:\/\/os-stari-trg-ok.si\/index.php?rest_route=\/wp\/v2\/users\/17327"}],"replies":[{"embeddable":true,"href":"https:\/\/os-stari-trg-ok.si\/index.php?rest_route=%2Fwp%2Fv2%2Fcomments&post=8993"}],"version-history":[{"count":1,"href":"https:\/\/os-stari-trg-ok.si\/index.php?rest_route=\/wp\/v2\/posts\/8993\/revisions"}],"predecessor-version":[{"id":9011,"href":"https:\/\/os-stari-trg-ok.si\/index.php?rest_route=\/wp\/v2\/posts\/8993\/revisions\/9011"}],"wp:attachment":[{"href":"https:\/\/os-stari-trg-ok.si\/index.php?rest_route=%2Fwp%2Fv2%2Fmedia&parent=8993"}],"wp:term":[{"taxonomy":"category","embeddable":true,"href":"https:\/\/os-stari-trg-ok.si\/index.php?rest_route=%2Fwp%2Fv2%2Fcategories&post=8993"},{"taxonomy":"post_tag","embeddable":true,"href":"https:\/\/os-stari-trg-ok.si\/index.php?rest_route=%2Fwp%2Fv2%2Ftags&post=8993"}],"curies":[{"name":"wp","href":"https:\/\/api.w.org\/{rel}","templated":true}]}}